{"id":9126,"date":"2023-08-23T11:16:02","date_gmt":"2023-08-23T14:16:02","guid":{"rendered":"https:\/\/www.atlanticacoffee.com\/climate-and-coffee-challenges-for-brazilian-producers-in-the-coming-months\/"},"modified":"2025-05-29T14:22:25","modified_gmt":"2025-05-29T17:22:25","slug":"climate-and-coffee-challenges-for-brazilian-producers-in-the-coming-months","status":"publish","type":"post","link":"https:\/\/www.atlanticacoffee.com\/en\/climate-and-coffee-challenges-for-brazilian-producers-in-the-coming-months\/","title":{"rendered":"Climate and Coffee: Challenges for Brazilian Producers in the Coming Months"},"content":{"rendered":"\n<p class=\"has-text-align-center has-small-font-size\"><em>The weather presents significant challenges for Brazilian coffee growers. Check out the weather forecasts for the coming months and their impact on coffee production in Brazil, with insights from Ruibran dos Reis. <\/em><\/p>\n\n<p><\/p>\n\n<p>Brazilian coffee growing has faced significant challenges due to climatic conditions. In the last five years, devastating frosts have hit several producing regions, including the South of Minas. However, it\u2019s not just frosts that have an impact on production; excessive heat, a lack of rainfall at crucial times and excessive precipitation in winter all interfere with crops.  <\/p>\n\n<p>The balance and attention of coffee growers are essential to mitigate the effects of the weather. Reliable weather forecasts are an ally for those who depend on nature all year round. To shed light on climatic factors, we relied on the expertise of Ruibran dos Reis, a professor, researcher, meteorologist and coffee producer in the Matas de Minas region.  <\/p>\n\n<p>\u201cCoffee-growing is very dependent on the weather,\u201d begins Ruibran, who, in a simple comparison, brings us a thought: \u201cImagine that all year round, our product is exposed to the open sky. The producer depends on the weather, if it\u2019s going to be sunny, if it\u2019s going to rain, everything,\u201d he concludes.<\/p>\n\n<p><\/p>\n\n<figure class=\"wp-block-image size-large\"><img loading=\"lazy\" decoding=\"async\" width=\"1024\" height=\"350\" src=\"https:\/\/www.atlanticacoffee.com\/wp-content\/uploads\/2022\/03\/IMG_9557-scaled-e1647375188746-1024x350.jpg\" alt=\"\" class=\"wp-image-7400\" srcset=\"https:\/\/www.atlanticacoffee.com\/wp-content\/uploads\/2022\/03\/IMG_9557-scaled-e1647375188746-980x335.jpg 980w, https:\/\/www.atlanticacoffee.com\/wp-content\/uploads\/2022\/03\/IMG_9557-scaled-e1647375188746-480x164.jpg 480w\" sizes=\"(min-width: 0px) and (max-width: 480px) 480px, (min-width: 481px) and (max-width: 980px) 980px, (min-width: 981px) 1024px, 100vw\" \/><\/figure>\n\n<p><\/p>\n\n<h2 class=\"wp-block-heading\"><strong>Analysis of the First Half of 2023<\/strong><\/h2>\n\n<p>The first six months of 2023 brought positive aspects for coffee growing in the Southeastern region of Brazil and southern of Bahia. According to Ruibran dos Reis, the distribution of rainfall was favorable. \u201cThe reduction in rainfall happened in March, due to La Ni\u00f1a, which began to occur in 2020 and brought us a lot of rain. Last year the rains were late, they started in October. This had an impact on flowering and, consequently, production.\u201d  <\/p>\n\n<p><\/p>\n\n<p><\/p>\n\n<h2 class=\"wp-block-heading\"><strong><em>Transition from La Ni\u00f1a to El Ni\u00f1o<\/em><\/strong><\/h2>\n\n<div class=\"wp-block-image\"><figure class=\"aligncenter size-full is-resized\"><img loading=\"lazy\" decoding=\"async\" src=\"https:\/\/www.atlanticacoffee.com\/wp-content\/uploads\/2023\/08\/Elnino_lanina.png\" alt=\"\" class=\"wp-image-7889\" width=\"710\" height=\"392\"\/><\/figure><\/div>\n\n<p>In the last three years, the phenomenon of La Nina was active, i.e. the temperature of the seawater off the coast of Peru and Ecuador was below average. <strong>Therefore, the polar air masses reached the Southeast more easily and the rainfall was above average.<\/strong> From March onwards there was a phase change from La Nina to El Nino.<strong>. Normally in El Nino years, the winter is not so harsh in the Southeast and heat waves occur in late winter and early spring.<\/strong> The rainy season is delayed, starting in November.<\/p>\n\n<p>For arabica coffee, it\u2019s good that it doesn\u2019t rain in June, July and August, so that the plant receives water in September and goes on to flowering. However, due to the weather and a fast cold front that brought a little rain to some regions, producers were faced with an early start to flowering, which could compromise the quantity of fruit. <\/p>\n\n<p>\u201cIn 2018, we had a lot of rain in August, and this damaged 2019 production and brought problems such as the coffee berry borer. In other words, it\u2019s important that it doesn\u2019t rain at this time to avoid these early blooms, which end up aborting,\u201d explains Ruibran.<\/p>\n\n<p><\/p>\n\n<p><\/p>\n\n<h2 class=\"wp-block-heading\"><strong><em><strong>Forecast for the coming months<\/strong><\/em><\/strong><\/h2>\n\n<figure class=\"wp-block-image size-full\"><img loading=\"lazy\" decoding=\"async\" width=\"959\" height=\"527\" src=\"https:\/\/www.atlanticacoffee.com\/wp-content\/uploads\/2023\/08\/Florada-2-1.jpeg\" alt=\"\" class=\"wp-image-7882\" srcset=\"https:\/\/www.atlanticacoffee.com\/wp-content\/uploads\/2023\/08\/Florada-2-1.jpeg 959w, https:\/\/www.atlanticacoffee.com\/wp-content\/uploads\/2023\/08\/Florada-2-1-480x264.jpeg 480w\" sizes=\"(min-width: 0px) and (max-width: 480px) 480px, (min-width: 481px) 959px, 100vw\" \/><\/figure>\n\n<p>September and October should bring timely rains to Minas Gerais. In November, there will be significant rainfall in S\u00e3o Paulo, in the Mogiana and Gar\u00e7a regions. However, December will bring a decrease in rainfall, and attention will turn to January and February. During these months, the effects of El Ni\u00f1o will be felt with a lack of rainfall and the presence of veranicos, periods without rain in the summer, accompanied by higher temperatures.    <strong>Please note that these are only forecasts.<\/strong><\/p>\n\n<p>It is important to remember that irrigated coffee growing is not yet significant in mountainous regions such as the South of Minas and the Matas de Minas. Therefore, management strategies and soil corrections are important in order to take advantage of the rains at the end of 2023. With so many factors at play, monitoring pests, diseases and soil conditions is essential to mitigate the impacts.  <\/p>\n\n<p>Coffee growing has been impacted by climate change, which brings climate variability, the extremes, as the professional explains: \u201cIt rains a lot, then there\u2019s a long drought, there\u2019s no middle ground. Temperatures are fluctuating wildly and we\u2019re forecasting record highs for the end of winter and the beginning of spring, Ruibran explains. <\/p>\n\n<p>The challenges of 2024 are already taking shape. Being up to date with information from reliable sources is one of the ways to prepare for the effects of the climate and make assertive decisions about farming. <\/p>\n\n<p><\/p>\n\n<p><\/p>\n\n<p><\/p>\n\n<p><\/p>\n\n<p><\/p>\n\n<p><\/p>\n\n<p><\/p>\n\n<p><\/p>\n\n<p><\/p>\n","protected":false},"excerpt":{"rendered":"<p>The weather presents significant challenges for Brazilian coffee growers. Check out the weather forecasts for the coming months and their impact on coffee production in Brazil, with insights from Ruibran dos Reis. Brazilian coffee growing has faced significant challenges due to climatic conditions. In the last five years, devastating frosts have hit several producing regions, [&hellip;]<\/p>\n","protected":false},"author":5,"featured_media":8832,"comment_status":"closed","ping_status":"open","sticky":false,"template":"","format":"standard","meta":{"_et_pb_use_builder":"","_et_pb_old_content":"","_et_gb_content_width":"","footnotes":""},"categories":[116],"tags":[124,130,125,131,126,127,133,128,134,135,136,132,129],"class_list":["post-9126","post","type-post","status-publish","format-standard","has-post-thumbnail","hentry","category-coffee-en","tag-cafe-arabica-en","tag-cafe-e-sustentabilidade-en","tag-cafe-matas-de-minas-en","tag-cafe-sustentavel-en","tag-cafeicultura-brasileira-en","tag-cafeicultura-no-brasil-en","tag-cafeicultura-sustentavel-en","tag-matas-de-minas-en","tag-matas-e-nascentes-en","tag-mutua-matas-e-nascentes-en","tag-projeto-mutua-en","tag-sustentabilidade-en","tag-zona-da-mata-en"],"yoast_head":"<!-- This site is optimized with the Yoast SEO plugin v27.4 - https:\/\/yoast.com\/product\/yoast-seo-wordpress\/ -->\n<title>Climate and Coffee: Challenges for Brazilian Producers in the Coming Months - Atlantica Coffee<\/title>\n<meta name=\"robots\" content=\"index, follow, max-snippet:-1, max-image-preview:large, max-video-preview:-1\" \/>\n<link rel=\"canonical\" href=\"https:\/\/www.atlanticacoffee.com\/en\/climate-and-coffee-challenges-for-brazilian-producers-in-the-coming-months\/\" \/>\n<meta property=\"og:locale\" content=\"en_US\" \/>\n<meta property=\"og:type\" content=\"article\" \/>\n<meta property=\"og:title\" content=\"Climate and Coffee: Challenges for Brazilian Producers in the Coming Months - Atlantica Coffee\" \/>\n<meta property=\"og:description\" content=\"The weather presents significant challenges for Brazilian coffee growers. Check out the weather forecasts for the coming months and their impact on coffee production in Brazil, with insights from Ruibran dos Reis. Brazilian coffee growing has faced significant challenges due to climatic conditions. In the last five years, devastating frosts have hit several producing regions, [&hellip;]\" \/>\n<meta property=\"og:url\" content=\"https:\/\/www.atlanticacoffee.com\/en\/climate-and-coffee-challenges-for-brazilian-producers-in-the-coming-months\/\" \/>\n<meta property=\"og:site_name\" content=\"Atlantica Coffee\" \/>\n<meta property=\"article:published_time\" content=\"2023-08-23T14:16:02+00:00\" \/>\n<meta property=\"article:modified_time\" content=\"2025-05-29T17:22:25+00:00\" \/>\n<meta property=\"og:image\" content=\"https:\/\/www.atlanticacoffee.com\/wp-content\/uploads\/2023\/08\/Banner-E-mail-4.png\" \/>\n\t<meta property=\"og:image:width\" content=\"1080\" \/>\n\t<meta property=\"og:image:height\" content=\"301\" \/>\n\t<meta property=\"og:image:type\" content=\"image\/png\" \/>\n<meta name=\"author\" content=\"Atlantica Coffee\" \/>\n<meta name=\"twitter:card\" content=\"summary_large_image\" \/>\n<meta name=\"twitter:label1\" content=\"Written by\" \/>\n\t<meta name=\"twitter:data1\" content=\"Atlantica Coffee\" \/>\n\t<meta name=\"twitter:label2\" content=\"Est. reading time\" \/>\n\t<meta name=\"twitter:data2\" content=\"4 minutes\" \/>\n<script type=\"application\/ld+json\" class=\"yoast-schema-graph\">{\"@context\":\"https:\\\/\\\/schema.org\",\"@graph\":[{\"@type\":\"Article\",\"@id\":\"https:\\\/\\\/www.atlanticacoffee.com\\\/en\\\/climate-and-coffee-challenges-for-brazilian-producers-in-the-coming-months\\\/#article\",\"isPartOf\":{\"@id\":\"https:\\\/\\\/www.atlanticacoffee.com\\\/en\\\/climate-and-coffee-challenges-for-brazilian-producers-in-the-coming-months\\\/\"},\"author\":{\"name\":\"Atlantica Coffee\",\"@id\":\"https:\\\/\\\/www.atlanticacoffee.com\\\/en\\\/#\\\/schema\\\/person\\\/e5df01a66a282b2240e7ff2097162c32\"},\"headline\":\"Climate and Coffee: Challenges for Brazilian Producers in the Coming Months\",\"datePublished\":\"2023-08-23T14:16:02+00:00\",\"dateModified\":\"2025-05-29T17:22:25+00:00\",\"mainEntityOfPage\":{\"@id\":\"https:\\\/\\\/www.atlanticacoffee.com\\\/en\\\/climate-and-coffee-challenges-for-brazilian-producers-in-the-coming-months\\\/\"},\"wordCount\":747,\"image\":{\"@id\":\"https:\\\/\\\/www.atlanticacoffee.com\\\/en\\\/climate-and-coffee-challenges-for-brazilian-producers-in-the-coming-months\\\/#primaryimage\"},\"thumbnailUrl\":\"https:\\\/\\\/www.atlanticacoffee.com\\\/wp-content\\\/uploads\\\/2025\\\/08\\\/Banner-E-mail-9.webp\",\"keywords\":[\"caf\u00e9 ar\u00e1bica\",\"caf\u00e9 e sustentabilidade\",\"cafe matas de minas\",\"caf\u00e9 sustent\u00e1vel\",\"cafeicultura brasileira\",\"cafeicultura no brasil\",\"cafeicultura sustentavel\",\"matas de minas\",\"matas e nascentes\",\"mutua matas e nascentes\",\"projeto mutua\",\"sustentabilidade\",\"zona da mata\"],\"articleSection\":[\"Coffee\"],\"inLanguage\":\"en-US\"},{\"@type\":\"WebPage\",\"@id\":\"https:\\\/\\\/www.atlanticacoffee.com\\\/en\\\/climate-and-coffee-challenges-for-brazilian-producers-in-the-coming-months\\\/\",\"url\":\"https:\\\/\\\/www.atlanticacoffee.com\\\/en\\\/climate-and-coffee-challenges-for-brazilian-producers-in-the-coming-months\\\/\",\"name\":\"Climate and Coffee: Challenges for Brazilian Producers in the Coming Months - Atlantica Coffee\",\"isPartOf\":{\"@id\":\"https:\\\/\\\/www.atlanticacoffee.com\\\/en\\\/#website\"},\"primaryImageOfPage\":{\"@id\":\"https:\\\/\\\/www.atlanticacoffee.com\\\/en\\\/climate-and-coffee-challenges-for-brazilian-producers-in-the-coming-months\\\/#primaryimage\"},\"image\":{\"@id\":\"https:\\\/\\\/www.atlanticacoffee.com\\\/en\\\/climate-and-coffee-challenges-for-brazilian-producers-in-the-coming-months\\\/#primaryimage\"},\"thumbnailUrl\":\"https:\\\/\\\/www.atlanticacoffee.com\\\/wp-content\\\/uploads\\\/2025\\\/08\\\/Banner-E-mail-9.webp\",\"datePublished\":\"2023-08-23T14:16:02+00:00\",\"dateModified\":\"2025-05-29T17:22:25+00:00\",\"author\":{\"@id\":\"https:\\\/\\\/www.atlanticacoffee.com\\\/en\\\/#\\\/schema\\\/person\\\/e5df01a66a282b2240e7ff2097162c32\"},\"breadcrumb\":{\"@id\":\"https:\\\/\\\/www.atlanticacoffee.com\\\/en\\\/climate-and-coffee-challenges-for-brazilian-producers-in-the-coming-months\\\/#breadcrumb\"},\"inLanguage\":\"en-US\",\"potentialAction\":[{\"@type\":\"ReadAction\",\"target\":[\"https:\\\/\\\/www.atlanticacoffee.com\\\/en\\\/climate-and-coffee-challenges-for-brazilian-producers-in-the-coming-months\\\/\"]}]},{\"@type\":\"ImageObject\",\"inLanguage\":\"en-US\",\"@id\":\"https:\\\/\\\/www.atlanticacoffee.com\\\/en\\\/climate-and-coffee-challenges-for-brazilian-producers-in-the-coming-months\\\/#primaryimage\",\"url\":\"https:\\\/\\\/www.atlanticacoffee.com\\\/wp-content\\\/uploads\\\/2025\\\/08\\\/Banner-E-mail-9.webp\",\"contentUrl\":\"https:\\\/\\\/www.atlanticacoffee.com\\\/wp-content\\\/uploads\\\/2025\\\/08\\\/Banner-E-mail-9.webp\",\"width\":1080,\"height\":301},{\"@type\":\"BreadcrumbList\",\"@id\":\"https:\\\/\\\/www.atlanticacoffee.com\\\/en\\\/climate-and-coffee-challenges-for-brazilian-producers-in-the-coming-months\\\/#breadcrumb\",\"itemListElement\":[{\"@type\":\"ListItem\",\"position\":1,\"name\":\"Home\",\"item\":\"https:\\\/\\\/www.atlanticacoffee.com\\\/en\\\/\"},{\"@type\":\"ListItem\",\"position\":2,\"name\":\"Climate and Coffee: Challenges for Brazilian Producers in the Coming Months\"}]},{\"@type\":\"WebSite\",\"@id\":\"https:\\\/\\\/www.atlanticacoffee.com\\\/en\\\/#website\",\"url\":\"https:\\\/\\\/www.atlanticacoffee.com\\\/en\\\/\",\"name\":\"Atlantica Coffee\",\"description\":\"\",\"potentialAction\":[{\"@type\":\"SearchAction\",\"target\":{\"@type\":\"EntryPoint\",\"urlTemplate\":\"https:\\\/\\\/www.atlanticacoffee.com\\\/en\\\/?s={search_term_string}\"},\"query-input\":{\"@type\":\"PropertyValueSpecification\",\"valueRequired\":true,\"valueName\":\"search_term_string\"}}],\"inLanguage\":\"en-US\"},{\"@type\":\"Person\",\"@id\":\"https:\\\/\\\/www.atlanticacoffee.com\\\/en\\\/#\\\/schema\\\/person\\\/e5df01a66a282b2240e7ff2097162c32\",\"name\":\"Atlantica Coffee\",\"image\":{\"@type\":\"ImageObject\",\"inLanguage\":\"en-US\",\"@id\":\"https:\\\/\\\/www.atlanticacoffee.com\\\/wp-content\\\/litespeed\\\/avatar\\\/4d281a83aba8d88d87861d7f51e33567.jpg?ver=1776786799\",\"url\":\"https:\\\/\\\/www.atlanticacoffee.com\\\/wp-content\\\/litespeed\\\/avatar\\\/4d281a83aba8d88d87861d7f51e33567.jpg?ver=1776786799\",\"contentUrl\":\"https:\\\/\\\/www.atlanticacoffee.com\\\/wp-content\\\/litespeed\\\/avatar\\\/4d281a83aba8d88d87861d7f51e33567.jpg?ver=1776786799\",\"caption\":\"Atlantica Coffee\"},\"url\":\"https:\\\/\\\/www.atlanticacoffee.com\\\/en\\\/author\\\/anaprado\\\/\"}]}<\/script>\n<!-- \/ Yoast SEO plugin. -->","yoast_head_json":{"title":"Climate and Coffee: Challenges for Brazilian Producers in the Coming Months - Atlantica Coffee","robots":{"index":"index","follow":"follow","max-snippet":"max-snippet:-1","max-image-preview":"max-image-preview:large","max-video-preview":"max-video-preview:-1"},"canonical":"https:\/\/www.atlanticacoffee.com\/en\/climate-and-coffee-challenges-for-brazilian-producers-in-the-coming-months\/","og_locale":"en_US","og_type":"article","og_title":"Climate and Coffee: Challenges for Brazilian Producers in the Coming Months - Atlantica Coffee","og_description":"The weather presents significant challenges for Brazilian coffee growers. Check out the weather forecasts for the coming months and their impact on coffee production in Brazil, with insights from Ruibran dos Reis. Brazilian coffee growing has faced significant challenges due to climatic conditions. In the last five years, devastating frosts have hit several producing regions, [&hellip;]","og_url":"https:\/\/www.atlanticacoffee.com\/en\/climate-and-coffee-challenges-for-brazilian-producers-in-the-coming-months\/","og_site_name":"Atlantica Coffee","article_published_time":"2023-08-23T14:16:02+00:00","article_modified_time":"2025-05-29T17:22:25+00:00","og_image":[{"width":1080,"height":301,"url":"https:\/\/www.atlanticacoffee.com\/wp-content\/uploads\/2023\/08\/Banner-E-mail-4.png","type":"image\/png"}],"author":"Atlantica Coffee","twitter_card":"summary_large_image","twitter_misc":{"Written by":"Atlantica Coffee","Est. reading time":"4 minutes"},"schema":{"@context":"https:\/\/schema.org","@graph":[{"@type":"Article","@id":"https:\/\/www.atlanticacoffee.com\/en\/climate-and-coffee-challenges-for-brazilian-producers-in-the-coming-months\/#article","isPartOf":{"@id":"https:\/\/www.atlanticacoffee.com\/en\/climate-and-coffee-challenges-for-brazilian-producers-in-the-coming-months\/"},"author":{"name":"Atlantica Coffee","@id":"https:\/\/www.atlanticacoffee.com\/en\/#\/schema\/person\/e5df01a66a282b2240e7ff2097162c32"},"headline":"Climate and Coffee: Challenges for Brazilian Producers in the Coming Months","datePublished":"2023-08-23T14:16:02+00:00","dateModified":"2025-05-29T17:22:25+00:00","mainEntityOfPage":{"@id":"https:\/\/www.atlanticacoffee.com\/en\/climate-and-coffee-challenges-for-brazilian-producers-in-the-coming-months\/"},"wordCount":747,"image":{"@id":"https:\/\/www.atlanticacoffee.com\/en\/climate-and-coffee-challenges-for-brazilian-producers-in-the-coming-months\/#primaryimage"},"thumbnailUrl":"https:\/\/www.atlanticacoffee.com\/wp-content\/uploads\/2025\/08\/Banner-E-mail-9.webp","keywords":["caf\u00e9 ar\u00e1bica","caf\u00e9 e sustentabilidade","cafe matas de minas","caf\u00e9 sustent\u00e1vel","cafeicultura brasileira","cafeicultura no brasil","cafeicultura sustentavel","matas de minas","matas e nascentes","mutua matas e nascentes","projeto mutua","sustentabilidade","zona da mata"],"articleSection":["Coffee"],"inLanguage":"en-US"},{"@type":"WebPage","@id":"https:\/\/www.atlanticacoffee.com\/en\/climate-and-coffee-challenges-for-brazilian-producers-in-the-coming-months\/","url":"https:\/\/www.atlanticacoffee.com\/en\/climate-and-coffee-challenges-for-brazilian-producers-in-the-coming-months\/","name":"Climate and Coffee: Challenges for Brazilian Producers in the Coming Months - Atlantica Coffee","isPartOf":{"@id":"https:\/\/www.atlanticacoffee.com\/en\/#website"},"primaryImageOfPage":{"@id":"https:\/\/www.atlanticacoffee.com\/en\/climate-and-coffee-challenges-for-brazilian-producers-in-the-coming-months\/#primaryimage"},"image":{"@id":"https:\/\/www.atlanticacoffee.com\/en\/climate-and-coffee-challenges-for-brazilian-producers-in-the-coming-months\/#primaryimage"},"thumbnailUrl":"https:\/\/www.atlanticacoffee.com\/wp-content\/uploads\/2025\/08\/Banner-E-mail-9.webp","datePublished":"2023-08-23T14:16:02+00:00","dateModified":"2025-05-29T17:22:25+00:00","author":{"@id":"https:\/\/www.atlanticacoffee.com\/en\/#\/schema\/person\/e5df01a66a282b2240e7ff2097162c32"},"breadcrumb":{"@id":"https:\/\/www.atlanticacoffee.com\/en\/climate-and-coffee-challenges-for-brazilian-producers-in-the-coming-months\/#breadcrumb"},"inLanguage":"en-US","potentialAction":[{"@type":"ReadAction","target":["https:\/\/www.atlanticacoffee.com\/en\/climate-and-coffee-challenges-for-brazilian-producers-in-the-coming-months\/"]}]},{"@type":"ImageObject","inLanguage":"en-US","@id":"https:\/\/www.atlanticacoffee.com\/en\/climate-and-coffee-challenges-for-brazilian-producers-in-the-coming-months\/#primaryimage","url":"https:\/\/www.atlanticacoffee.com\/wp-content\/uploads\/2025\/08\/Banner-E-mail-9.webp","contentUrl":"https:\/\/www.atlanticacoffee.com\/wp-content\/uploads\/2025\/08\/Banner-E-mail-9.webp","width":1080,"height":301},{"@type":"BreadcrumbList","@id":"https:\/\/www.atlanticacoffee.com\/en\/climate-and-coffee-challenges-for-brazilian-producers-in-the-coming-months\/#breadcrumb","itemListElement":[{"@type":"ListItem","position":1,"name":"Home","item":"https:\/\/www.atlanticacoffee.com\/en\/"},{"@type":"ListItem","position":2,"name":"Climate and Coffee: Challenges for Brazilian Producers in the Coming Months"}]},{"@type":"WebSite","@id":"https:\/\/www.atlanticacoffee.com\/en\/#website","url":"https:\/\/www.atlanticacoffee.com\/en\/","name":"Atlantica Coffee","description":"","potentialAction":[{"@type":"SearchAction","target":{"@type":"EntryPoint","urlTemplate":"https:\/\/www.atlanticacoffee.com\/en\/?s={search_term_string}"},"query-input":{"@type":"PropertyValueSpecification","valueRequired":true,"valueName":"search_term_string"}}],"inLanguage":"en-US"},{"@type":"Person","@id":"https:\/\/www.atlanticacoffee.com\/en\/#\/schema\/person\/e5df01a66a282b2240e7ff2097162c32","name":"Atlantica Coffee","image":{"@type":"ImageObject","inLanguage":"en-US","@id":"https:\/\/www.atlanticacoffee.com\/wp-content\/litespeed\/avatar\/4d281a83aba8d88d87861d7f51e33567.jpg?ver=1776786799","url":"https:\/\/www.atlanticacoffee.com\/wp-content\/litespeed\/avatar\/4d281a83aba8d88d87861d7f51e33567.jpg?ver=1776786799","contentUrl":"https:\/\/www.atlanticacoffee.com\/wp-content\/litespeed\/avatar\/4d281a83aba8d88d87861d7f51e33567.jpg?ver=1776786799","caption":"Atlantica Coffee"},"url":"https:\/\/www.atlanticacoffee.com\/en\/author\/anaprado\/"}]}},"_links":{"self":[{"href":"https:\/\/www.atlanticacoffee.com\/en\/wp-json\/wp\/v2\/posts\/9126","targetHints":{"allow":["GET"]}}],"collection":[{"href":"https:\/\/www.atlanticacoffee.com\/en\/wp-json\/wp\/v2\/posts"}],"about":[{"href":"https:\/\/www.atlanticacoffee.com\/en\/wp-json\/wp\/v2\/types\/post"}],"author":[{"embeddable":true,"href":"https:\/\/www.atlanticacoffee.com\/en\/wp-json\/wp\/v2\/users\/5"}],"replies":[{"embeddable":true,"href":"https:\/\/www.atlanticacoffee.com\/en\/wp-json\/wp\/v2\/comments?post=9126"}],"version-history":[{"count":1,"href":"https:\/\/www.atlanticacoffee.com\/en\/wp-json\/wp\/v2\/posts\/9126\/revisions"}],"predecessor-version":[{"id":9127,"href":"https:\/\/www.atlanticacoffee.com\/en\/wp-json\/wp\/v2\/posts\/9126\/revisions\/9127"}],"wp:featuredmedia":[{"embeddable":true,"href":"https:\/\/www.atlanticacoffee.com\/en\/wp-json\/wp\/v2\/media\/8832"}],"wp:attachment":[{"href":"https:\/\/www.atlanticacoffee.com\/en\/wp-json\/wp\/v2\/media?parent=9126"}],"wp:term":[{"taxonomy":"category","embeddable":true,"href":"https:\/\/www.atlanticacoffee.com\/en\/wp-json\/wp\/v2\/categories?post=9126"},{"taxonomy":"post_tag","embeddable":true,"href":"https:\/\/www.atlanticacoffee.com\/en\/wp-json\/wp\/v2\/tags?post=9126"}],"curies":[{"name":"wp","href":"https:\/\/api.w.org\/{rel}","templated":true}]}}