{"id":9195,"date":"2020-07-29T15:53:52","date_gmt":"2020-07-29T18:53:52","guid":{"rendered":"https:\/\/www.atlanticacoffee.com\/together-against-covid-19-in-the-matas-de-minas-region\/"},"modified":"2025-08-11T17:25:17","modified_gmt":"2025-08-11T20:25:17","slug":"together-against-covid-19-in-the-matas-de-minas-region","status":"publish","type":"post","link":"https:\/\/www.atlanticacoffee.com\/en\/together-against-covid-19-in-the-matas-de-minas-region\/","title":{"rendered":"Together against Covid-19 in the Matas de Minas region"},"content":{"rendered":"<p><strong>Reusable masks are distributed to the communities of Capara\u00f3, Alto Jequitib\u00e1, and Manhumirim<\/strong><\/p>\n<p>To prevent the spread of the new coronavirus, Coffee Exporter Atlantica Coffee distributed 5,000 reusable masks free of charge in the Matas de Minas region cities of Capara\u00f3, Alto Jequitib\u00e1 and Manhumirim.<\/p>\n<p>These are the municipalities where we source the Arabica coffee that we export to more than 40 countries.<\/p>\n<p>We believe in the importance of making a positive contribution to the communities where we operate. In light of the major impacts that the COVID-19 pandemic has had on public health as well as the economy, this action was one way we found to help the local population.<\/p>\n<p>Our goal was to help families that are experiencing hardship due to the pandemic. Some people still do not have access to masks, which are not only important to preventing the spread of COVID-19, but mandatory in public spaces. <\/p>\n<p>At the same time, many businesses are closed due to quarantine and as a result of the floods that devastated these cities in early 2020.<\/p>\n<p>By hiring local seamstresses to sew the thousands of masks that were donated, Atlantica demonstrated its commitment to local labor.<\/p>\n<h3><strong>Use of local labor to manufacture masks:<\/strong><\/h3>\n<p><img loading=\"lazy\" decoding=\"async\" class=\"alignnone wp-image-3167 size-full\" src=\"https:\/\/www.atlanticacoffee.com\/wp-content\/uploads\/2020\/07\/M%C3%A3o-de-obra-na-confec%C3%A7%C3%A3o-das-m%C3%A1scaras-de-protecao-distribuidas-pela-Atlantica-Coffee-1024x576-1.jpg\" alt=\"\" width=\"1024\" height=\"576\"><\/p>\n<p>To manufacture the protective masks, Coffee Exporter Atlantica Coffee has hired six local seamstresses in order to contribute to income generation in the region.<\/p>\n<p>Each seamstress received instructional videos that enabled them to make masks from the safety of their homes.<\/p>\n<p>Atlantica thus operated on two fronts: boosting the local economy by hiring residents of Capara\u00f3 and Alto Jequitib\u00e1 and helping out local residents by donating the masks.<\/p>\n<p>In addition to the videos, the seamstresses were supplied with kits that included pieces of TNT 40 fabric and pre-cut hypoallergenic elastic to facilitate the sewing process.<\/p>\n<p>We also counted on our partnership with a manufacturer in Vi\u00e7osa, whose laser cutting machines further sped up production.<\/p>\n<p>As we all know, the use of 70% isopropyl alcohol is essential for the prevention of COVID-19.<\/p>\n<p>Thus, we distributed a bottle to each seamstress for greater protection.<\/p>\n<p><img loading=\"lazy\" decoding=\"async\" class=\"alignnone wp-image-3168 size-full\" src=\"https:\/\/www.atlanticacoffee.com\/wp-content\/uploads\/2020\/07\/mascaras-de-protecao-distribuidas-pela-Atlantica-Coffee-1024x576-1.jpg\" alt=\"\" width=\"1024\" height=\"576\"><\/p>\n<p>The masks were made with TNT 40 fabric, recommended by the Ministry of Health to prevent the spread of COVID-19.<\/p>\n<p>And feature hypoallergenic elastics to improve wearer comfort.<\/p>\n<p>We chose a washable fabric because it has a longer lifespan, avoiding premature discard, and is thus a more sustainable product that people can use for more time.<\/p>\n<h4><strong>Social action of the Sustainability Committee:<\/strong><\/h4>\n<p><img loading=\"lazy\" decoding=\"async\" class=\"alignnone wp-image-3169 size-large\" src=\"https:\/\/www.atlanticacoffee.com\/wp-content\/uploads\/2020\/07\/A%C3%A7%C3%A3o-social-do-Comit%C3%AA-de-Sustentabilidade-Atlantica-Coffee-1024x576.jpg\" alt=\"\" width=\"1024\" height=\"576\"><\/p>\n<p>The project, which was developed by the Sustainability Committee in collaboration with employees of Atlantica Coffee\u2019s local offices, benefited hundreds of families in the Matas de Minas region.<\/p>\n<p>We believe that sustainability actions should not only benefit coffee farmers, but also the communities where we operate.<\/p>\n<p><strong>We are increasingly devoted to improving the sustainability of Brazilian coffee.<\/strong><\/p>\n<p><strong>A time for empathy and solidarity<\/strong><\/p>\n<p><img loading=\"lazy\" decoding=\"async\" class=\"alignnone wp-image-3171 size-large\" src=\"https:\/\/www.atlanticacoffee.com\/wp-content\/uploads\/2020\/07\/Momento-de-empatia-e-solidariedade-1024x576.jpg\" alt=\"\" width=\"1024\" height=\"576\" srcset=\"https:\/\/www.atlanticacoffee.com\/wp-content\/uploads\/2020\/07\/Momento-de-empatia-e-solidariedade-1024x576.jpg 1024w, https:\/\/www.atlanticacoffee.com\/wp-content\/uploads\/2020\/07\/Momento-de-empatia-e-solidariedade-980x551.jpg 980w, https:\/\/www.atlanticacoffee.com\/wp-content\/uploads\/2020\/07\/Momento-de-empatia-e-solidariedade-480x270.jpg 480w\" sizes=\"(min-width: 0px) and (max-width: 480px) 480px, (min-width: 481px) and (max-width: 980px) 980px, (min-width: 981px) 1024px, 100vw\" \/><\/p>\n<p>Capara\u00f3 and Alto Jequitib\u00e1 are small towns of 5,424 and 8,528 inhabitants, respectively. The majority of businesses are family-owned and thus highly vulnerable to health and economic crises. With this in mind, Atlantica Coffee decided to make masks to donate to these communities.<\/p>\n<p>This project helped the people of <a href=\"https:\/\/www.atlanticacoffee.com\/en\/about-us\/#atlantica\">Atlantica Coffee <\/a>realize that even small actions can help people in the communities where we operate and have a positive impact on society.<\/p>\n<p>In the midst of this global pandemic, we must have empathy for others, particularly those in precarious circumstances.<\/p>\n<p>Beyond solidarity, we must also learn what we can do to help our neighbors. Together, we will get through this.<\/p>\n<p>In the meantime, our goal is to demonstrate solidarity through a willing and committed team.<\/p>\n<p>We thank everyone who showed that they care by participating in this activity.<\/p>\n","protected":false},"excerpt":{"rendered":"<p>Reusable masks are distributed to the communities of Capara\u00f3, Alto Jequitib\u00e1, and Manhumirim To prevent the spread of the new coronavirus, Coffee Exporter Atlantica Coffee distributed 5,000 reusable masks free of charge in the Matas de Minas region cities of Capara\u00f3, Alto Jequitib\u00e1 and Manhumirim. These are the municipalities where we source the Arabica coffee [&hellip;]<\/p>\n","protected":false},"author":5,"featured_media":0,"comment_status":"closed","ping_status":"open","sticky":false,"template":"","format":"standard","meta":{"_et_pb_use_builder":"","_et_pb_old_content":"","_et_gb_content_width":"","footnotes":""},"categories":[116,120,137],"tags":[161,160,126,162,118,139,163,132],"class_list":["post-9195","post","type-post","status-publish","format-standard","hentry","category-coffee-en","category-covid-19-en","category-relatorio-de-mercado-en","tag-acao-social-en","tag-cafe","tag-cafeicultura-brasileira-en","tag-comunidade-en","tag-covid-19-en","tag-exportadora-de-cafe-en","tag-mascaras-reutilizaveis-en","tag-sustentabilidade-en"],"yoast_head":"<!-- This site is optimized with the Yoast SEO plugin v27.4 - https:\/\/yoast.com\/product\/yoast-seo-wordpress\/ -->\n<title>Together against Covid-19 in the Matas de Minas region<\/title>\n<meta name=\"description\" content=\"Atlantica Coffee distributed 5,000 free reusable masks to prevent the spread of the new coronavirus in Capara\u00f3, Alto Jequitib\u00e1 and Manhumirim.\" \/>\n<meta name=\"robots\" content=\"index, follow, max-snippet:-1, max-image-preview:large, max-video-preview:-1\" \/>\n<link rel=\"canonical\" href=\"https:\/\/www.atlanticacoffee.com\/en\/together-against-covid-19-in-the-matas-de-minas-region\/\" \/>\n<meta property=\"og:locale\" content=\"en_US\" \/>\n<meta property=\"og:type\" content=\"article\" \/>\n<meta property=\"og:title\" content=\"Together against Covid-19 in the Matas de Minas region\" \/>\n<meta property=\"og:description\" content=\"Atlantica Coffee distributed 5,000 free reusable masks to prevent the spread of the new coronavirus in Capara\u00f3, Alto Jequitib\u00e1 and Manhumirim.\" \/>\n<meta property=\"og:url\" content=\"https:\/\/www.atlanticacoffee.com\/en\/together-against-covid-19-in-the-matas-de-minas-region\/\" \/>\n<meta property=\"og:site_name\" content=\"Atlantica Coffee\" \/>\n<meta property=\"article:published_time\" content=\"2020-07-29T18:53:52+00:00\" \/>\n<meta property=\"article:modified_time\" content=\"2025-08-11T20:25:17+00:00\" \/>\n<meta name=\"author\" content=\"Atlantica Coffee\" \/>\n<meta name=\"twitter:card\" content=\"summary_large_image\" \/>\n<meta name=\"twitter:label1\" content=\"Written by\" \/>\n\t<meta name=\"twitter:data1\" content=\"Atlantica Coffee\" \/>\n\t<meta name=\"twitter:label2\" content=\"Est. reading time\" \/>\n\t<meta name=\"twitter:data2\" content=\"3 minutes\" \/>\n<script type=\"application\/ld+json\" class=\"yoast-schema-graph\">{\"@context\":\"https:\\\/\\\/schema.org\",\"@graph\":[{\"@type\":\"Article\",\"@id\":\"https:\\\/\\\/www.atlanticacoffee.com\\\/en\\\/together-against-covid-19-in-the-matas-de-minas-region\\\/#article\",\"isPartOf\":{\"@id\":\"https:\\\/\\\/www.atlanticacoffee.com\\\/en\\\/together-against-covid-19-in-the-matas-de-minas-region\\\/\"},\"author\":{\"name\":\"Atlantica Coffee\",\"@id\":\"https:\\\/\\\/www.atlanticacoffee.com\\\/en\\\/#\\\/schema\\\/person\\\/e5df01a66a282b2240e7ff2097162c32\"},\"headline\":\"Together against Covid-19 in the Matas de Minas region\",\"datePublished\":\"2020-07-29T18:53:52+00:00\",\"dateModified\":\"2025-08-11T20:25:17+00:00\",\"mainEntityOfPage\":{\"@id\":\"https:\\\/\\\/www.atlanticacoffee.com\\\/en\\\/together-against-covid-19-in-the-matas-de-minas-region\\\/\"},\"wordCount\":610,\"image\":{\"@id\":\"https:\\\/\\\/www.atlanticacoffee.com\\\/en\\\/together-against-covid-19-in-the-matas-de-minas-region\\\/#primaryimage\"},\"thumbnailUrl\":\"https:\\\/\\\/www.atlanticacoffee.com\\\/wp-content\\\/uploads\\\/2020\\\/07\\\/M%C3%A3o-de-obra-na-confec%C3%A7%C3%A3o-das-m%C3%A1scaras-de-protecao-distribuidas-pela-Atlantica-Coffee-1024x576-1.jpg\",\"keywords\":[\"a\u00e7\u00e3o social\",\"caf\u00e9\",\"cafeicultura brasileira\",\"comunidade\",\"covid-19\",\"exportadora de caf\u00e9\",\"m\u00e1scaras reutiliz\u00e1veis\",\"sustentabilidade\"],\"articleSection\":[\"Coffee\",\"Covid-19\",\"Relat\u00f3rio de mercado\"],\"inLanguage\":\"en-US\"},{\"@type\":\"WebPage\",\"@id\":\"https:\\\/\\\/www.atlanticacoffee.com\\\/en\\\/together-against-covid-19-in-the-matas-de-minas-region\\\/\",\"url\":\"https:\\\/\\\/www.atlanticacoffee.com\\\/en\\\/together-against-covid-19-in-the-matas-de-minas-region\\\/\",\"name\":\"Together against Covid-19 in the Matas de Minas region\",\"isPartOf\":{\"@id\":\"https:\\\/\\\/www.atlanticacoffee.com\\\/en\\\/#website\"},\"primaryImageOfPage\":{\"@id\":\"https:\\\/\\\/www.atlanticacoffee.com\\\/en\\\/together-against-covid-19-in-the-matas-de-minas-region\\\/#primaryimage\"},\"image\":{\"@id\":\"https:\\\/\\\/www.atlanticacoffee.com\\\/en\\\/together-against-covid-19-in-the-matas-de-minas-region\\\/#primaryimage\"},\"thumbnailUrl\":\"https:\\\/\\\/www.atlanticacoffee.com\\\/wp-content\\\/uploads\\\/2020\\\/07\\\/M%C3%A3o-de-obra-na-confec%C3%A7%C3%A3o-das-m%C3%A1scaras-de-protecao-distribuidas-pela-Atlantica-Coffee-1024x576-1.jpg\",\"datePublished\":\"2020-07-29T18:53:52+00:00\",\"dateModified\":\"2025-08-11T20:25:17+00:00\",\"author\":{\"@id\":\"https:\\\/\\\/www.atlanticacoffee.com\\\/en\\\/#\\\/schema\\\/person\\\/e5df01a66a282b2240e7ff2097162c32\"},\"description\":\"Atlantica Coffee distributed 5,000 free reusable masks to prevent the spread of the new coronavirus in Capara\u00f3, Alto Jequitib\u00e1 and Manhumirim.\",\"breadcrumb\":{\"@id\":\"https:\\\/\\\/www.atlanticacoffee.com\\\/en\\\/together-against-covid-19-in-the-matas-de-minas-region\\\/#breadcrumb\"},\"inLanguage\":\"en-US\",\"potentialAction\":[{\"@type\":\"ReadAction\",\"target\":[\"https:\\\/\\\/www.atlanticacoffee.com\\\/en\\\/together-against-covid-19-in-the-matas-de-minas-region\\\/\"]}]},{\"@type\":\"ImageObject\",\"inLanguage\":\"en-US\",\"@id\":\"https:\\\/\\\/www.atlanticacoffee.com\\\/en\\\/together-against-covid-19-in-the-matas-de-minas-region\\\/#primaryimage\",\"url\":\"https:\\\/\\\/www.atlanticacoffee.com\\\/wp-content\\\/uploads\\\/2020\\\/07\\\/M%C3%A3o-de-obra-na-confec%C3%A7%C3%A3o-das-m%C3%A1scaras-de-protecao-distribuidas-pela-Atlantica-Coffee-1024x576-1.jpg\",\"contentUrl\":\"https:\\\/\\\/www.atlanticacoffee.com\\\/wp-content\\\/uploads\\\/2020\\\/07\\\/M%C3%A3o-de-obra-na-confec%C3%A7%C3%A3o-das-m%C3%A1scaras-de-protecao-distribuidas-pela-Atlantica-Coffee-1024x576-1.jpg\"},{\"@type\":\"BreadcrumbList\",\"@id\":\"https:\\\/\\\/www.atlanticacoffee.com\\\/en\\\/together-against-covid-19-in-the-matas-de-minas-region\\\/#breadcrumb\",\"itemListElement\":[{\"@type\":\"ListItem\",\"position\":1,\"name\":\"Home\",\"item\":\"https:\\\/\\\/www.atlanticacoffee.com\\\/en\\\/\"},{\"@type\":\"ListItem\",\"position\":2,\"name\":\"Together against Covid-19 in the Matas de Minas region\"}]},{\"@type\":\"WebSite\",\"@id\":\"https:\\\/\\\/www.atlanticacoffee.com\\\/en\\\/#website\",\"url\":\"https:\\\/\\\/www.atlanticacoffee.com\\\/en\\\/\",\"name\":\"Atlantica Coffee\",\"description\":\"\",\"potentialAction\":[{\"@type\":\"SearchAction\",\"target\":{\"@type\":\"EntryPoint\",\"urlTemplate\":\"https:\\\/\\\/www.atlanticacoffee.com\\\/en\\\/?s={search_term_string}\"},\"query-input\":{\"@type\":\"PropertyValueSpecification\",\"valueRequired\":true,\"valueName\":\"search_term_string\"}}],\"inLanguage\":\"en-US\"},{\"@type\":\"Person\",\"@id\":\"https:\\\/\\\/www.atlanticacoffee.com\\\/en\\\/#\\\/schema\\\/person\\\/e5df01a66a282b2240e7ff2097162c32\",\"name\":\"Atlantica Coffee\",\"image\":{\"@type\":\"ImageObject\",\"inLanguage\":\"en-US\",\"@id\":\"https:\\\/\\\/www.atlanticacoffee.com\\\/wp-content\\\/litespeed\\\/avatar\\\/4d281a83aba8d88d87861d7f51e33567.jpg?ver=1776786799\",\"url\":\"https:\\\/\\\/www.atlanticacoffee.com\\\/wp-content\\\/litespeed\\\/avatar\\\/4d281a83aba8d88d87861d7f51e33567.jpg?ver=1776786799\",\"contentUrl\":\"https:\\\/\\\/www.atlanticacoffee.com\\\/wp-content\\\/litespeed\\\/avatar\\\/4d281a83aba8d88d87861d7f51e33567.jpg?ver=1776786799\",\"caption\":\"Atlantica Coffee\"},\"url\":\"https:\\\/\\\/www.atlanticacoffee.com\\\/en\\\/author\\\/anaprado\\\/\"}]}<\/script>\n<!-- \/ Yoast SEO plugin. -->","yoast_head_json":{"title":"Together against Covid-19 in the Matas de Minas region","description":"Atlantica Coffee distributed 5,000 free reusable masks to prevent the spread of the new coronavirus in Capara\u00f3, Alto Jequitib\u00e1 and Manhumirim.","robots":{"index":"index","follow":"follow","max-snippet":"max-snippet:-1","max-image-preview":"max-image-preview:large","max-video-preview":"max-video-preview:-1"},"canonical":"https:\/\/www.atlanticacoffee.com\/en\/together-against-covid-19-in-the-matas-de-minas-region\/","og_locale":"en_US","og_type":"article","og_title":"Together against Covid-19 in the Matas de Minas region","og_description":"Atlantica Coffee distributed 5,000 free reusable masks to prevent the spread of the new coronavirus in Capara\u00f3, Alto Jequitib\u00e1 and Manhumirim.","og_url":"https:\/\/www.atlanticacoffee.com\/en\/together-against-covid-19-in-the-matas-de-minas-region\/","og_site_name":"Atlantica Coffee","article_published_time":"2020-07-29T18:53:52+00:00","article_modified_time":"2025-08-11T20:25:17+00:00","author":"Atlantica Coffee","twitter_card":"summary_large_image","twitter_misc":{"Written by":"Atlantica Coffee","Est. reading time":"3 minutes"},"schema":{"@context":"https:\/\/schema.org","@graph":[{"@type":"Article","@id":"https:\/\/www.atlanticacoffee.com\/en\/together-against-covid-19-in-the-matas-de-minas-region\/#article","isPartOf":{"@id":"https:\/\/www.atlanticacoffee.com\/en\/together-against-covid-19-in-the-matas-de-minas-region\/"},"author":{"name":"Atlantica Coffee","@id":"https:\/\/www.atlanticacoffee.com\/en\/#\/schema\/person\/e5df01a66a282b2240e7ff2097162c32"},"headline":"Together against Covid-19 in the Matas de Minas region","datePublished":"2020-07-29T18:53:52+00:00","dateModified":"2025-08-11T20:25:17+00:00","mainEntityOfPage":{"@id":"https:\/\/www.atlanticacoffee.com\/en\/together-against-covid-19-in-the-matas-de-minas-region\/"},"wordCount":610,"image":{"@id":"https:\/\/www.atlanticacoffee.com\/en\/together-against-covid-19-in-the-matas-de-minas-region\/#primaryimage"},"thumbnailUrl":"https:\/\/www.atlanticacoffee.com\/wp-content\/uploads\/2020\/07\/M%C3%A3o-de-obra-na-confec%C3%A7%C3%A3o-das-m%C3%A1scaras-de-protecao-distribuidas-pela-Atlantica-Coffee-1024x576-1.jpg","keywords":["a\u00e7\u00e3o social","caf\u00e9","cafeicultura brasileira","comunidade","covid-19","exportadora de caf\u00e9","m\u00e1scaras reutiliz\u00e1veis","sustentabilidade"],"articleSection":["Coffee","Covid-19","Relat\u00f3rio de mercado"],"inLanguage":"en-US"},{"@type":"WebPage","@id":"https:\/\/www.atlanticacoffee.com\/en\/together-against-covid-19-in-the-matas-de-minas-region\/","url":"https:\/\/www.atlanticacoffee.com\/en\/together-against-covid-19-in-the-matas-de-minas-region\/","name":"Together against Covid-19 in the Matas de Minas region","isPartOf":{"@id":"https:\/\/www.atlanticacoffee.com\/en\/#website"},"primaryImageOfPage":{"@id":"https:\/\/www.atlanticacoffee.com\/en\/together-against-covid-19-in-the-matas-de-minas-region\/#primaryimage"},"image":{"@id":"https:\/\/www.atlanticacoffee.com\/en\/together-against-covid-19-in-the-matas-de-minas-region\/#primaryimage"},"thumbnailUrl":"https:\/\/www.atlanticacoffee.com\/wp-content\/uploads\/2020\/07\/M%C3%A3o-de-obra-na-confec%C3%A7%C3%A3o-das-m%C3%A1scaras-de-protecao-distribuidas-pela-Atlantica-Coffee-1024x576-1.jpg","datePublished":"2020-07-29T18:53:52+00:00","dateModified":"2025-08-11T20:25:17+00:00","author":{"@id":"https:\/\/www.atlanticacoffee.com\/en\/#\/schema\/person\/e5df01a66a282b2240e7ff2097162c32"},"description":"Atlantica Coffee distributed 5,000 free reusable masks to prevent the spread of the new coronavirus in Capara\u00f3, Alto Jequitib\u00e1 and Manhumirim.","breadcrumb":{"@id":"https:\/\/www.atlanticacoffee.com\/en\/together-against-covid-19-in-the-matas-de-minas-region\/#breadcrumb"},"inLanguage":"en-US","potentialAction":[{"@type":"ReadAction","target":["https:\/\/www.atlanticacoffee.com\/en\/together-against-covid-19-in-the-matas-de-minas-region\/"]}]},{"@type":"ImageObject","inLanguage":"en-US","@id":"https:\/\/www.atlanticacoffee.com\/en\/together-against-covid-19-in-the-matas-de-minas-region\/#primaryimage","url":"https:\/\/www.atlanticacoffee.com\/wp-content\/uploads\/2020\/07\/M%C3%A3o-de-obra-na-confec%C3%A7%C3%A3o-das-m%C3%A1scaras-de-protecao-distribuidas-pela-Atlantica-Coffee-1024x576-1.jpg","contentUrl":"https:\/\/www.atlanticacoffee.com\/wp-content\/uploads\/2020\/07\/M%C3%A3o-de-obra-na-confec%C3%A7%C3%A3o-das-m%C3%A1scaras-de-protecao-distribuidas-pela-Atlantica-Coffee-1024x576-1.jpg"},{"@type":"BreadcrumbList","@id":"https:\/\/www.atlanticacoffee.com\/en\/together-against-covid-19-in-the-matas-de-minas-region\/#breadcrumb","itemListElement":[{"@type":"ListItem","position":1,"name":"Home","item":"https:\/\/www.atlanticacoffee.com\/en\/"},{"@type":"ListItem","position":2,"name":"Together against Covid-19 in the Matas de Minas region"}]},{"@type":"WebSite","@id":"https:\/\/www.atlanticacoffee.com\/en\/#website","url":"https:\/\/www.atlanticacoffee.com\/en\/","name":"Atlantica Coffee","description":"","potentialAction":[{"@type":"SearchAction","target":{"@type":"EntryPoint","urlTemplate":"https:\/\/www.atlanticacoffee.com\/en\/?s={search_term_string}"},"query-input":{"@type":"PropertyValueSpecification","valueRequired":true,"valueName":"search_term_string"}}],"inLanguage":"en-US"},{"@type":"Person","@id":"https:\/\/www.atlanticacoffee.com\/en\/#\/schema\/person\/e5df01a66a282b2240e7ff2097162c32","name":"Atlantica Coffee","image":{"@type":"ImageObject","inLanguage":"en-US","@id":"https:\/\/www.atlanticacoffee.com\/wp-content\/litespeed\/avatar\/4d281a83aba8d88d87861d7f51e33567.jpg?ver=1776786799","url":"https:\/\/www.atlanticacoffee.com\/wp-content\/litespeed\/avatar\/4d281a83aba8d88d87861d7f51e33567.jpg?ver=1776786799","contentUrl":"https:\/\/www.atlanticacoffee.com\/wp-content\/litespeed\/avatar\/4d281a83aba8d88d87861d7f51e33567.jpg?ver=1776786799","caption":"Atlantica Coffee"},"url":"https:\/\/www.atlanticacoffee.com\/en\/author\/anaprado\/"}]}},"_links":{"self":[{"href":"https:\/\/www.atlanticacoffee.com\/en\/wp-json\/wp\/v2\/posts\/9195","targetHints":{"allow":["GET"]}}],"collection":[{"href":"https:\/\/www.atlanticacoffee.com\/en\/wp-json\/wp\/v2\/posts"}],"about":[{"href":"https:\/\/www.atlanticacoffee.com\/en\/wp-json\/wp\/v2\/types\/post"}],"author":[{"embeddable":true,"href":"https:\/\/www.atlanticacoffee.com\/en\/wp-json\/wp\/v2\/users\/5"}],"replies":[{"embeddable":true,"href":"https:\/\/www.atlanticacoffee.com\/en\/wp-json\/wp\/v2\/comments?post=9195"}],"version-history":[{"count":1,"href":"https:\/\/www.atlanticacoffee.com\/en\/wp-json\/wp\/v2\/posts\/9195\/revisions"}],"predecessor-version":[{"id":9476,"href":"https:\/\/www.atlanticacoffee.com\/en\/wp-json\/wp\/v2\/posts\/9195\/revisions\/9476"}],"wp:attachment":[{"href":"https:\/\/www.atlanticacoffee.com\/en\/wp-json\/wp\/v2\/media?parent=9195"}],"wp:term":[{"taxonomy":"category","embeddable":true,"href":"https:\/\/www.atlanticacoffee.com\/en\/wp-json\/wp\/v2\/categories?post=9195"},{"taxonomy":"post_tag","embeddable":true,"href":"https:\/\/www.atlanticacoffee.com\/en\/wp-json\/wp\/v2\/tags?post=9195"}],"curies":[{"name":"wp","href":"https:\/\/api.w.org\/{rel}","templated":true}]}}