{"id":9196,"date":"2023-05-31T09:21:14","date_gmt":"2023-05-31T12:21:14","guid":{"rendered":"https:\/\/www.atlanticacoffee.com\/matas-de-minas-tradition-family-agriculture-and-sustainability\/"},"modified":"2025-08-11T17:24:27","modified_gmt":"2025-08-11T20:24:27","slug":"matas-de-minas-tradition-family-agriculture-and-sustainability","status":"publish","type":"post","link":"https:\/\/www.atlanticacoffee.com\/en\/matas-de-minas-tradition-family-agriculture-and-sustainability\/","title":{"rendered":"Matas de Minas: tradition, family agriculture and sustainability"},"content":{"rendered":"\n<p>Also known as the \u2018Zona da Mata\u2019, Matas de Minas is a traditional coffee producing region, a pioneer in the production of artisanal coffees \u2013 when there is more human involvement during the growing, harvesting, and post-harvesting stages.<\/p>\n\n<p>Located in Minas Gerais, in an area of Atlantic Forest, the Matas de Minas region is formed by 64 municipalities, surrounded by mountains and with altitudes ranging from 600 to 1,300 meters. In addition, its irregular topography demands a less mechanized management from the coffee grower, contributing to the artisanal production of the region. <\/p>\n\n<p>Uniting tradition with technological advances in coffee growing, producers harvest coffees with diversified nuances and flavors, winning prestigious national and international awards.<\/p>\n\n<figure class=\"wp-block-image size-large\"><img loading=\"lazy\" decoding=\"async\" width=\"1024\" height=\"683\" src=\"https:\/\/www.atlanticacoffee.com\/wp-content\/uploads\/2023\/05\/IMG_9726-1024x683.jpg\" alt=\"\" class=\"wp-image-7782\" srcset=\"https:\/\/www.atlanticacoffee.com\/wp-content\/uploads\/2023\/05\/IMG_9726-980x654.jpg 980w, https:\/\/www.atlanticacoffee.com\/wp-content\/uploads\/2023\/05\/IMG_9726-480x320.jpg 480w\" sizes=\"(min-width: 0px) and (max-width: 480px) 480px, (min-width: 481px) and (max-width: 980px) 980px, (min-width: 981px) 1024px, 100vw\" \/><\/figure>\n\n<p><em><strong>Flavors that spread around the world<\/strong><\/em><\/p>\n\n<p>Matas de Minas is an important producer of rio-profile, which has a remarkable and characteristic flavor, part of the culture and tradition of many countries, especially Eastern Europe, Argentina, and the Middle East. This is due to the humidity of the region, which directly impacts the flavor of the beans, resulting in rio and riados cups. <\/p>\n\n<p>Despite this, many coffee growers in the region have specialized in the production of superior and specialty coffees thanks to the implementation of humidity-adapted post-harvest processes. These advances have expanded the possibilities for coffee in Matas de Minas, which currently stands out in the production of beans with more complex flavors. <\/p>\n\n<p>Even the production of coffee in the region relies heavily on family farming and manual harvesting, resulting in a significant environmental, economic, and social impact.<\/p>\n\n<p>It is also in this region that Atlantica started the Project Mutua \u2013 Forests and Spring, an action that promotes sustainable implementations in coffee farms, focusing on the planting of native forest and the recovery of water springs. In this project, there is no cost for the coffee grower, reinforcing Atlantica\u2019s commitment to sustainability in the coffee chain. <\/p>\n\n<figure class=\"wp-block-gallery columns-1 is-cropped wp-block-gallery-1 is-layout-flex wp-block-gallery-is-layout-flex\"><ul class=\"blocks-gallery-grid\"><li class=\"blocks-gallery-item\"><figure><img loading=\"lazy\" decoding=\"async\" width=\"1024\" height=\"683\" src=\"https:\/\/www.atlanticacoffee.com\/wp-content\/uploads\/2023\/05\/IMG_9569-1024x683.jpg\" alt=\"\" data-id=\"7783\" data-full-url=\"https:\/\/www.atlanticacoffee.com\/wp-content\/uploads\/2023\/05\/IMG_9569.jpg\" data-link=\"https:\/\/www.atlanticacoffee.com\/?attachment_id=7783\" class=\"wp-image-7783\" srcset=\"https:\/\/www.atlanticacoffee.com\/wp-content\/uploads\/2023\/05\/IMG_9569-1024x683.jpg 1024w, https:\/\/www.atlanticacoffee.com\/wp-content\/uploads\/2023\/05\/IMG_9569-980x653.jpg 980w, https:\/\/www.atlanticacoffee.com\/wp-content\/uploads\/2023\/05\/IMG_9569-480x320.jpg 480w\" sizes=\"(min-width: 0px) and (max-width: 480px) 480px, (min-width: 481px) and (max-width: 980px) 980px, (min-width: 981px) 1024px, 100vw\" \/><\/figure><\/li><\/ul><\/figure>\n\n<p><strong><em>Union to boost the local economy<\/em><\/strong><\/p>\n\n<p>Matas de Minas has a production area of 275 thousand hectares and 36 thousand coffee growers in the region. Surprisingly, 80% of these producers cultivate less than 20 hectares each. But the impact of these small farmers goes far beyond their size, as they are responsible for driving the local economy. Collectively, they generate an impressive 75,000 direct jobs and 156,000 indirect jobs in their municipalities, promoting the region\u2019s development and fostering Brazil\u2019s coffee production. This is an undeniable proof that the coffee from Matas de Minas not only captivates the palate of coffee lovers, but also strengthens entire communities.    <\/p>\n\n<p><\/p>\n\n<p><\/p>\n","protected":false},"excerpt":{"rendered":"<p>Also known as the \u2018Zona da Mata\u2019, Matas de Minas is a traditional coffee producing region, a pioneer in the production of artisanal coffees \u2013 when there is more human involvement during the growing, harvesting, and post-harvesting stages. Located in Minas Gerais, in an area of Atlantic Forest, the Matas de Minas region is formed [&hellip;]<\/p>\n","protected":false},"author":5,"featured_media":8801,"comment_status":"closed","ping_status":"open","sticky":false,"template":"","format":"standard","meta":{"_et_pb_use_builder":"","_et_pb_old_content":"","_et_gb_content_width":"","footnotes":""},"categories":[116,114,164,165,119],"tags":[145,157,124,125,166,121,126,127,138,146,128,129],"class_list":["post-9196","post","type-post","status-publish","format-standard","has-post-thumbnail","hentry","category-coffee-en","category-fine-cup-en","category-good-cup-en","category-rio-minas-en","category-sustainability","tag-atlantica-coffee-en","tag-brazilian-coffee-en","tag-cafe-arabica-en","tag-cafe-matas-de-minas-en","tag-cafe-zona-da-mata-en","tag-cafeicultura-en","tag-cafeicultura-brasileira-en","tag-cafeicultura-no-brasil-en","tag-exportacao-de-cafe-no-brasil-en","tag-exportador-de-cafe-en","tag-matas-de-minas-en","tag-zona-da-mata-en"],"yoast_head":"<!-- This site is optimized with the Yoast SEO plugin v27.4 - https:\/\/yoast.com\/product\/yoast-seo-wordpress\/ -->\n<title>Matas de Minas: tradition, family agriculture and sustainability - Atlantica Coffee<\/title>\n<meta name=\"robots\" content=\"index, follow, max-snippet:-1, max-image-preview:large, max-video-preview:-1\" \/>\n<link rel=\"canonical\" href=\"https:\/\/www.atlanticacoffee.com\/en\/matas-de-minas-tradition-family-agriculture-and-sustainability\/\" \/>\n<meta property=\"og:locale\" content=\"en_US\" \/>\n<meta property=\"og:type\" content=\"article\" \/>\n<meta property=\"og:title\" content=\"Matas de Minas: tradition, family agriculture and sustainability - Atlantica Coffee\" \/>\n<meta property=\"og:description\" content=\"Also known as the \u2018Zona da Mata\u2019, Matas de Minas is a traditional coffee producing region, a pioneer in the production of artisanal coffees \u2013 when there is more human involvement during the growing, harvesting, and post-harvesting stages. Located in Minas Gerais, in an area of Atlantic Forest, the Matas de Minas region is formed [&hellip;]\" \/>\n<meta property=\"og:url\" content=\"https:\/\/www.atlanticacoffee.com\/en\/matas-de-minas-tradition-family-agriculture-and-sustainability\/\" \/>\n<meta property=\"og:site_name\" content=\"Atlantica Coffee\" \/>\n<meta property=\"article:published_time\" content=\"2023-05-31T12:21:14+00:00\" \/>\n<meta property=\"article:modified_time\" content=\"2025-08-11T20:24:27+00:00\" \/>\n<meta property=\"og:image\" content=\"https:\/\/www.atlanticacoffee.com\/wp-content\/uploads\/2025\/08\/290523_atlantica_coffee_banner_blog_matas_de_minas_ENG_rj_01.png.webp\" \/>\n\t<meta property=\"og:image:width\" content=\"1081\" \/>\n\t<meta property=\"og:image:height\" content=\"301\" \/>\n\t<meta property=\"og:image:type\" content=\"image\/webp\" \/>\n<meta name=\"author\" content=\"Atlantica Coffee\" \/>\n<meta name=\"twitter:card\" content=\"summary_large_image\" \/>\n<meta name=\"twitter:label1\" content=\"Written by\" \/>\n\t<meta name=\"twitter:data1\" content=\"Atlantica Coffee\" \/>\n\t<meta name=\"twitter:label2\" content=\"Est. reading time\" \/>\n\t<meta name=\"twitter:data2\" content=\"2 minutes\" \/>\n<script type=\"application\/ld+json\" class=\"yoast-schema-graph\">{\"@context\":\"https:\\\/\\\/schema.org\",\"@graph\":[{\"@type\":\"Article\",\"@id\":\"https:\\\/\\\/www.atlanticacoffee.com\\\/en\\\/matas-de-minas-tradition-family-agriculture-and-sustainability\\\/#article\",\"isPartOf\":{\"@id\":\"https:\\\/\\\/www.atlanticacoffee.com\\\/en\\\/matas-de-minas-tradition-family-agriculture-and-sustainability\\\/\"},\"author\":{\"name\":\"Atlantica Coffee\",\"@id\":\"https:\\\/\\\/www.atlanticacoffee.com\\\/en\\\/#\\\/schema\\\/person\\\/e5df01a66a282b2240e7ff2097162c32\"},\"headline\":\"Matas de Minas: tradition, family agriculture and sustainability\",\"datePublished\":\"2023-05-31T12:21:14+00:00\",\"dateModified\":\"2025-08-11T20:24:27+00:00\",\"mainEntityOfPage\":{\"@id\":\"https:\\\/\\\/www.atlanticacoffee.com\\\/en\\\/matas-de-minas-tradition-family-agriculture-and-sustainability\\\/\"},\"wordCount\":416,\"image\":{\"@id\":\"https:\\\/\\\/www.atlanticacoffee.com\\\/en\\\/matas-de-minas-tradition-family-agriculture-and-sustainability\\\/#primaryimage\"},\"thumbnailUrl\":\"https:\\\/\\\/www.atlanticacoffee.com\\\/wp-content\\\/uploads\\\/2025\\\/08\\\/290523_atlantica_coffee_banner_blog_matas_de_minas_ENG_rj_01.png.webp\",\"keywords\":[\"atlantica coffee\",\"Brazilian coffee\",\"caf\u00e9 ar\u00e1bica\",\"cafe matas de minas\",\"caf\u00e9 zona da mata\",\"cafeicultura\",\"cafeicultura brasileira\",\"cafeicultura no brasil\",\"exporta\u00e7\u00e3o de caf\u00e9 no Brasil\",\"exportador de caf\u00e9\",\"matas de minas\",\"zona da mata\"],\"articleSection\":[\"Coffee\",\"Fine Cup\",\"Good Cup\",\"Rio Minas\",\"Sustainability\"],\"inLanguage\":\"en-US\"},{\"@type\":\"WebPage\",\"@id\":\"https:\\\/\\\/www.atlanticacoffee.com\\\/en\\\/matas-de-minas-tradition-family-agriculture-and-sustainability\\\/\",\"url\":\"https:\\\/\\\/www.atlanticacoffee.com\\\/en\\\/matas-de-minas-tradition-family-agriculture-and-sustainability\\\/\",\"name\":\"Matas de Minas: tradition, family agriculture and sustainability - Atlantica Coffee\",\"isPartOf\":{\"@id\":\"https:\\\/\\\/www.atlanticacoffee.com\\\/en\\\/#website\"},\"primaryImageOfPage\":{\"@id\":\"https:\\\/\\\/www.atlanticacoffee.com\\\/en\\\/matas-de-minas-tradition-family-agriculture-and-sustainability\\\/#primaryimage\"},\"image\":{\"@id\":\"https:\\\/\\\/www.atlanticacoffee.com\\\/en\\\/matas-de-minas-tradition-family-agriculture-and-sustainability\\\/#primaryimage\"},\"thumbnailUrl\":\"https:\\\/\\\/www.atlanticacoffee.com\\\/wp-content\\\/uploads\\\/2025\\\/08\\\/290523_atlantica_coffee_banner_blog_matas_de_minas_ENG_rj_01.png.webp\",\"datePublished\":\"2023-05-31T12:21:14+00:00\",\"dateModified\":\"2025-08-11T20:24:27+00:00\",\"author\":{\"@id\":\"https:\\\/\\\/www.atlanticacoffee.com\\\/en\\\/#\\\/schema\\\/person\\\/e5df01a66a282b2240e7ff2097162c32\"},\"breadcrumb\":{\"@id\":\"https:\\\/\\\/www.atlanticacoffee.com\\\/en\\\/matas-de-minas-tradition-family-agriculture-and-sustainability\\\/#breadcrumb\"},\"inLanguage\":\"en-US\",\"potentialAction\":[{\"@type\":\"ReadAction\",\"target\":[\"https:\\\/\\\/www.atlanticacoffee.com\\\/en\\\/matas-de-minas-tradition-family-agriculture-and-sustainability\\\/\"]}]},{\"@type\":\"ImageObject\",\"inLanguage\":\"en-US\",\"@id\":\"https:\\\/\\\/www.atlanticacoffee.com\\\/en\\\/matas-de-minas-tradition-family-agriculture-and-sustainability\\\/#primaryimage\",\"url\":\"https:\\\/\\\/www.atlanticacoffee.com\\\/wp-content\\\/uploads\\\/2025\\\/08\\\/290523_atlantica_coffee_banner_blog_matas_de_minas_ENG_rj_01.png.webp\",\"contentUrl\":\"https:\\\/\\\/www.atlanticacoffee.com\\\/wp-content\\\/uploads\\\/2025\\\/08\\\/290523_atlantica_coffee_banner_blog_matas_de_minas_ENG_rj_01.png.webp\",\"width\":1081,\"height\":301},{\"@type\":\"BreadcrumbList\",\"@id\":\"https:\\\/\\\/www.atlanticacoffee.com\\\/en\\\/matas-de-minas-tradition-family-agriculture-and-sustainability\\\/#breadcrumb\",\"itemListElement\":[{\"@type\":\"ListItem\",\"position\":1,\"name\":\"Home\",\"item\":\"https:\\\/\\\/www.atlanticacoffee.com\\\/en\\\/\"},{\"@type\":\"ListItem\",\"position\":2,\"name\":\"Matas de Minas: tradition, family agriculture and sustainability\"}]},{\"@type\":\"WebSite\",\"@id\":\"https:\\\/\\\/www.atlanticacoffee.com\\\/en\\\/#website\",\"url\":\"https:\\\/\\\/www.atlanticacoffee.com\\\/en\\\/\",\"name\":\"Atlantica Coffee\",\"description\":\"\",\"potentialAction\":[{\"@type\":\"SearchAction\",\"target\":{\"@type\":\"EntryPoint\",\"urlTemplate\":\"https:\\\/\\\/www.atlanticacoffee.com\\\/en\\\/?s={search_term_string}\"},\"query-input\":{\"@type\":\"PropertyValueSpecification\",\"valueRequired\":true,\"valueName\":\"search_term_string\"}}],\"inLanguage\":\"en-US\"},{\"@type\":\"Person\",\"@id\":\"https:\\\/\\\/www.atlanticacoffee.com\\\/en\\\/#\\\/schema\\\/person\\\/e5df01a66a282b2240e7ff2097162c32\",\"name\":\"Atlantica Coffee\",\"image\":{\"@type\":\"ImageObject\",\"inLanguage\":\"en-US\",\"@id\":\"https:\\\/\\\/www.atlanticacoffee.com\\\/wp-content\\\/litespeed\\\/avatar\\\/4d281a83aba8d88d87861d7f51e33567.jpg?ver=1776786799\",\"url\":\"https:\\\/\\\/www.atlanticacoffee.com\\\/wp-content\\\/litespeed\\\/avatar\\\/4d281a83aba8d88d87861d7f51e33567.jpg?ver=1776786799\",\"contentUrl\":\"https:\\\/\\\/www.atlanticacoffee.com\\\/wp-content\\\/litespeed\\\/avatar\\\/4d281a83aba8d88d87861d7f51e33567.jpg?ver=1776786799\",\"caption\":\"Atlantica Coffee\"},\"url\":\"https:\\\/\\\/www.atlanticacoffee.com\\\/en\\\/author\\\/anaprado\\\/\"}]}<\/script>\n<!-- \/ Yoast SEO plugin. -->","yoast_head_json":{"title":"Matas de Minas: tradition, family agriculture and sustainability - Atlantica Coffee","robots":{"index":"index","follow":"follow","max-snippet":"max-snippet:-1","max-image-preview":"max-image-preview:large","max-video-preview":"max-video-preview:-1"},"canonical":"https:\/\/www.atlanticacoffee.com\/en\/matas-de-minas-tradition-family-agriculture-and-sustainability\/","og_locale":"en_US","og_type":"article","og_title":"Matas de Minas: tradition, family agriculture and sustainability - Atlantica Coffee","og_description":"Also known as the \u2018Zona da Mata\u2019, Matas de Minas is a traditional coffee producing region, a pioneer in the production of artisanal coffees \u2013 when there is more human involvement during the growing, harvesting, and post-harvesting stages. Located in Minas Gerais, in an area of Atlantic Forest, the Matas de Minas region is formed [&hellip;]","og_url":"https:\/\/www.atlanticacoffee.com\/en\/matas-de-minas-tradition-family-agriculture-and-sustainability\/","og_site_name":"Atlantica Coffee","article_published_time":"2023-05-31T12:21:14+00:00","article_modified_time":"2025-08-11T20:24:27+00:00","og_image":[{"width":1081,"height":301,"url":"https:\/\/www.atlanticacoffee.com\/wp-content\/uploads\/2025\/08\/290523_atlantica_coffee_banner_blog_matas_de_minas_ENG_rj_01.png.webp","type":"image\/webp"}],"author":"Atlantica Coffee","twitter_card":"summary_large_image","twitter_misc":{"Written by":"Atlantica Coffee","Est. reading time":"2 minutes"},"schema":{"@context":"https:\/\/schema.org","@graph":[{"@type":"Article","@id":"https:\/\/www.atlanticacoffee.com\/en\/matas-de-minas-tradition-family-agriculture-and-sustainability\/#article","isPartOf":{"@id":"https:\/\/www.atlanticacoffee.com\/en\/matas-de-minas-tradition-family-agriculture-and-sustainability\/"},"author":{"name":"Atlantica Coffee","@id":"https:\/\/www.atlanticacoffee.com\/en\/#\/schema\/person\/e5df01a66a282b2240e7ff2097162c32"},"headline":"Matas de Minas: tradition, family agriculture and sustainability","datePublished":"2023-05-31T12:21:14+00:00","dateModified":"2025-08-11T20:24:27+00:00","mainEntityOfPage":{"@id":"https:\/\/www.atlanticacoffee.com\/en\/matas-de-minas-tradition-family-agriculture-and-sustainability\/"},"wordCount":416,"image":{"@id":"https:\/\/www.atlanticacoffee.com\/en\/matas-de-minas-tradition-family-agriculture-and-sustainability\/#primaryimage"},"thumbnailUrl":"https:\/\/www.atlanticacoffee.com\/wp-content\/uploads\/2025\/08\/290523_atlantica_coffee_banner_blog_matas_de_minas_ENG_rj_01.png.webp","keywords":["atlantica coffee","Brazilian coffee","caf\u00e9 ar\u00e1bica","cafe matas de minas","caf\u00e9 zona da mata","cafeicultura","cafeicultura brasileira","cafeicultura no brasil","exporta\u00e7\u00e3o de caf\u00e9 no Brasil","exportador de caf\u00e9","matas de minas","zona da mata"],"articleSection":["Coffee","Fine Cup","Good Cup","Rio Minas","Sustainability"],"inLanguage":"en-US"},{"@type":"WebPage","@id":"https:\/\/www.atlanticacoffee.com\/en\/matas-de-minas-tradition-family-agriculture-and-sustainability\/","url":"https:\/\/www.atlanticacoffee.com\/en\/matas-de-minas-tradition-family-agriculture-and-sustainability\/","name":"Matas de Minas: tradition, family agriculture and sustainability - Atlantica Coffee","isPartOf":{"@id":"https:\/\/www.atlanticacoffee.com\/en\/#website"},"primaryImageOfPage":{"@id":"https:\/\/www.atlanticacoffee.com\/en\/matas-de-minas-tradition-family-agriculture-and-sustainability\/#primaryimage"},"image":{"@id":"https:\/\/www.atlanticacoffee.com\/en\/matas-de-minas-tradition-family-agriculture-and-sustainability\/#primaryimage"},"thumbnailUrl":"https:\/\/www.atlanticacoffee.com\/wp-content\/uploads\/2025\/08\/290523_atlantica_coffee_banner_blog_matas_de_minas_ENG_rj_01.png.webp","datePublished":"2023-05-31T12:21:14+00:00","dateModified":"2025-08-11T20:24:27+00:00","author":{"@id":"https:\/\/www.atlanticacoffee.com\/en\/#\/schema\/person\/e5df01a66a282b2240e7ff2097162c32"},"breadcrumb":{"@id":"https:\/\/www.atlanticacoffee.com\/en\/matas-de-minas-tradition-family-agriculture-and-sustainability\/#breadcrumb"},"inLanguage":"en-US","potentialAction":[{"@type":"ReadAction","target":["https:\/\/www.atlanticacoffee.com\/en\/matas-de-minas-tradition-family-agriculture-and-sustainability\/"]}]},{"@type":"ImageObject","inLanguage":"en-US","@id":"https:\/\/www.atlanticacoffee.com\/en\/matas-de-minas-tradition-family-agriculture-and-sustainability\/#primaryimage","url":"https:\/\/www.atlanticacoffee.com\/wp-content\/uploads\/2025\/08\/290523_atlantica_coffee_banner_blog_matas_de_minas_ENG_rj_01.png.webp","contentUrl":"https:\/\/www.atlanticacoffee.com\/wp-content\/uploads\/2025\/08\/290523_atlantica_coffee_banner_blog_matas_de_minas_ENG_rj_01.png.webp","width":1081,"height":301},{"@type":"BreadcrumbList","@id":"https:\/\/www.atlanticacoffee.com\/en\/matas-de-minas-tradition-family-agriculture-and-sustainability\/#breadcrumb","itemListElement":[{"@type":"ListItem","position":1,"name":"Home","item":"https:\/\/www.atlanticacoffee.com\/en\/"},{"@type":"ListItem","position":2,"name":"Matas de Minas: tradition, family agriculture and sustainability"}]},{"@type":"WebSite","@id":"https:\/\/www.atlanticacoffee.com\/en\/#website","url":"https:\/\/www.atlanticacoffee.com\/en\/","name":"Atlantica Coffee","description":"","potentialAction":[{"@type":"SearchAction","target":{"@type":"EntryPoint","urlTemplate":"https:\/\/www.atlanticacoffee.com\/en\/?s={search_term_string}"},"query-input":{"@type":"PropertyValueSpecification","valueRequired":true,"valueName":"search_term_string"}}],"inLanguage":"en-US"},{"@type":"Person","@id":"https:\/\/www.atlanticacoffee.com\/en\/#\/schema\/person\/e5df01a66a282b2240e7ff2097162c32","name":"Atlantica Coffee","image":{"@type":"ImageObject","inLanguage":"en-US","@id":"https:\/\/www.atlanticacoffee.com\/wp-content\/litespeed\/avatar\/4d281a83aba8d88d87861d7f51e33567.jpg?ver=1776786799","url":"https:\/\/www.atlanticacoffee.com\/wp-content\/litespeed\/avatar\/4d281a83aba8d88d87861d7f51e33567.jpg?ver=1776786799","contentUrl":"https:\/\/www.atlanticacoffee.com\/wp-content\/litespeed\/avatar\/4d281a83aba8d88d87861d7f51e33567.jpg?ver=1776786799","caption":"Atlantica Coffee"},"url":"https:\/\/www.atlanticacoffee.com\/en\/author\/anaprado\/"}]}},"_links":{"self":[{"href":"https:\/\/www.atlanticacoffee.com\/en\/wp-json\/wp\/v2\/posts\/9196","targetHints":{"allow":["GET"]}}],"collection":[{"href":"https:\/\/www.atlanticacoffee.com\/en\/wp-json\/wp\/v2\/posts"}],"about":[{"href":"https:\/\/www.atlanticacoffee.com\/en\/wp-json\/wp\/v2\/types\/post"}],"author":[{"embeddable":true,"href":"https:\/\/www.atlanticacoffee.com\/en\/wp-json\/wp\/v2\/users\/5"}],"replies":[{"embeddable":true,"href":"https:\/\/www.atlanticacoffee.com\/en\/wp-json\/wp\/v2\/comments?post=9196"}],"version-history":[{"count":1,"href":"https:\/\/www.atlanticacoffee.com\/en\/wp-json\/wp\/v2\/posts\/9196\/revisions"}],"predecessor-version":[{"id":9197,"href":"https:\/\/www.atlanticacoffee.com\/en\/wp-json\/wp\/v2\/posts\/9196\/revisions\/9197"}],"wp:featuredmedia":[{"embeddable":true,"href":"https:\/\/www.atlanticacoffee.com\/en\/wp-json\/wp\/v2\/media\/8801"}],"wp:attachment":[{"href":"https:\/\/www.atlanticacoffee.com\/en\/wp-json\/wp\/v2\/media?parent=9196"}],"wp:term":[{"taxonomy":"category","embeddable":true,"href":"https:\/\/www.atlanticacoffee.com\/en\/wp-json\/wp\/v2\/categories?post=9196"},{"taxonomy":"post_tag","embeddable":true,"href":"https:\/\/www.atlanticacoffee.com\/en\/wp-json\/wp\/v2\/tags?post=9196"}],"curies":[{"name":"wp","href":"https:\/\/api.w.org\/{rel}","templated":true}]}}