{"id":9204,"date":"2023-11-16T10:32:06","date_gmt":"2023-11-16T13:32:06","guid":{"rendered":"https:\/\/www.atlanticacoffee.com\/heat-waves-and-the-impacts-on-brazilian-coffee-growing\/"},"modified":"2025-06-02T17:27:28","modified_gmt":"2025-06-02T20:27:28","slug":"heat-waves-and-the-impacts-on-brazilian-coffee-growing","status":"publish","type":"post","link":"https:\/\/www.atlanticacoffee.com\/en\/heat-waves-and-the-impacts-on-brazilian-coffee-growing\/","title":{"rendered":"Heat Waves and the Impacts on Brazilian Coffee Growing"},"content":{"rendered":"\n<p class=\"has-text-align-center has-small-font-size\"><\/p>\n\n<p><\/p>\n\n<p>In the last few months, Brazil has been facing a scenario of extreme climate volatility, which has left coffee growers on alert. The country has experienced a series of events, including intense heat: we are in the third heat wave in less than 3 months. This has raised alarm bells for coffee plantations. After all, what are the impacts of the intense heat on the crops?   <\/p>\n\n<h2 class=\"wp-block-heading\"><strong>Heat waves and their impacts<\/strong><\/h2>\n\n<p>Any extreme weather condition can cause stress to the coffee plant. Temperatures above 33 degrees Celsius during the reproductive phase of arabica coffee can lead to physiological stress in the plants, resulting in the loss of flowers and fruits. In addition, high temperatures can dehydrate flower buds, affecting future blooms. However, the magnitude of the damage is directly <strong>linked to the duration of the intense heat and the subsequent rainfall pattern.<\/strong>   <\/p>\n\n<p>It is essential to emphasize that attention and the adoption of appropriate measures by producers are essential to mitigate the possible damage caused by heat and other extreme weather events.<\/p>\n\n<div class=\"wp-block-image\"><figure class=\"aligncenter size-large is-resized\"><img loading=\"lazy\" decoding=\"async\" src=\"https:\/\/www.atlanticacoffee.com\/wp-content\/uploads\/2023\/11\/Design-sem-nome-9-1024x576.png\" alt=\"\" class=\"wp-image-7948\" width=\"588\" height=\"330\"\/><\/figure><\/div>\n\n<h2 class=\"wp-block-heading\"><strong>The influence of El Ni\u00f1o<\/strong><\/h2>\n\n<p>The high temperatures experienced this year were mainly caused by the El Ni\u00f1o phenomenon, which consists of an increase in the temperature of sea water on the coasts of Peru and Ecuador. For the past three years, the La Ni\u00f1a phenomenon has been active, meaning that the temperature of the Pacific waters has been below average. Therefore, the polar air masses reached the Southeast more easily and the rainfall was above average.  <\/p>\n\n<p>In addition, global warming and the resulting climate changes have made extreme weather events, such as intense heat waves, increasingly frequent on the planet. These changes are the direct result of human activities, such as the emission of polluting gases, once again reinforcing the importance of <a href=\"https:\/\/www.atlanticacoffee.com\/en\/sustainability\/sustainability-report\/\" target=\"_blank\" rel=\"noreferrer noopener\">sustainable actions.<\/a> <\/p>\n\n<p>In short, climate oscillations and intensification are factors that have significantly challenged Brazilian coffee growing. Being prepared to face these challenges is not always an easy task, but it proves the resilience of coffee growing, one of the most important sectors of the Brazilian economy. <\/p>\n\n<p><\/p>\n\n<p><\/p>\n\n<p><\/p>\n\n<h2 class=\"wp-block-heading\">Read more:<\/h2>\n\n<p><\/p>\n\n<div class=\"wp-block-media-text alignwide is-stacked-on-mobile\"><figure class=\"wp-block-media-text__media\"><a href=\"https:\/\/www.atlanticacoffee.com\/projeto-mutua-resultados-do-primeiro-grupo-de-cafeicultores\/\"><img loading=\"lazy\" decoding=\"async\" width=\"1024\" height=\"285\" src=\"https:\/\/www.atlanticacoffee.com\/wp-content\/uploads\/2023\/08\/Banner-E-mail-2-1024x285.png\" alt=\"\" class=\"wp-image-7849 size-full\" srcset=\"https:\/\/www.atlanticacoffee.com\/wp-content\/uploads\/2023\/08\/Banner-E-mail-2-1024x285.png 1024w, https:\/\/www.atlanticacoffee.com\/wp-content\/uploads\/2023\/08\/Banner-E-mail-2-980x273.png 980w, https:\/\/www.atlanticacoffee.com\/wp-content\/uploads\/2023\/08\/Banner-E-mail-2-480x134.png 480w\" sizes=\"(min-width: 0px) and (max-width: 480px) 480px, (min-width: 481px) and (max-width: 980px) 980px, (min-width: 981px) 1024px, 100vw\" \/><\/a><\/figure><div class=\"wp-block-media-text__content\">\n<h2 class=\"wp-block-heading\">Mutua Project: Results from the first group of coffee growers<\/h2>\n\n\n\n<p>Check out the results from the first group of coffee growers of the Project Mutua \u2013 Forests and Springs, an Atlantica Coffee initiative to boost sustainability and positive impact coffee growing. <a href=\"https:\/\/www.atlanticacoffee.com\/en\/mutua-project-results-from-the-first-group-of-coffee-growers\/\" target=\"_blank\" rel=\"noreferrer noopener\">Read More<\/a><\/p>\n<\/div><\/div>\n\n<div class=\"wp-block-media-text alignwide is-stacked-on-mobile\"><figure class=\"wp-block-media-text__media\"><a href=\"https:\/\/www.atlanticacoffee.com\/cafeicultura-e-clima-desafios-dos-produtores-brasileiros-nos-proximos-meses\/\"><img loading=\"lazy\" decoding=\"async\" width=\"1024\" height=\"285\" src=\"https:\/\/www.atlanticacoffee.com\/wp-content\/uploads\/2023\/10\/Banner-E-mail-14-1024x285.png\" alt=\"\" class=\"wp-image-7933 size-full\" srcset=\"https:\/\/www.atlanticacoffee.com\/wp-content\/uploads\/2023\/10\/Banner-E-mail-14-1024x285.png 1024w, https:\/\/www.atlanticacoffee.com\/wp-content\/uploads\/2023\/10\/Banner-E-mail-14-980x273.png 980w, https:\/\/www.atlanticacoffee.com\/wp-content\/uploads\/2023\/10\/Banner-E-mail-14-480x134.png 480w\" sizes=\"(min-width: 0px) and (max-width: 480px) 480px, (min-width: 481px) and (max-width: 980px) 980px, (min-width: 981px) 1024px, 100vw\" \/><\/a><\/figure><div class=\"wp-block-media-text__content\">\n<h2 class=\"wp-block-heading\">Rainfall and its Impacts on Coffee Growing<\/h2>\n\n\n\n<p>Let\u2019s explore how rainfall can be beneficial or detrimental to coffee growing, based on 2023 conditions in Brazil: <a rel=\"noreferrer noopener\" href=\"https:\/\/www.atlanticacoffee.com\/en\/rainfall-and-its-impacts-on-coffee-growing\/\" target=\"_blank\">Read more.<\/a><\/p>\n<\/div><\/div>\n\n<p><sub>*<\/sub><em><sub>This article aims only to provide information about the impacts of weather, based on internal and public sources, valid at the time of its dissemination. It does not aim to guide recipients in making any decisions, which are therefore solely the responsibility of the recipient. Atlantica Coffee is exempt from any liability arising from direct or indirect losses.  <\/sub><\/em><\/p>\n\n<p><\/p>\n\n<p><\/p>\n\n<p><\/p>\n\n<p><\/p>\n\n<p><\/p>\n\n<p><\/p>\n","protected":false},"excerpt":{"rendered":"<p>In the last few months, Brazil has been facing a scenario of extreme climate volatility, which has left coffee growers on alert. The country has experienced a series of events, including intense heat: we are in the third heat wave in less than 3 months. This has raised alarm bells for coffee plantations. After all, [&hellip;]<\/p>\n","protected":false},"author":5,"featured_media":8844,"comment_status":"closed","ping_status":"open","sticky":false,"template":"","format":"standard","meta":{"_et_pb_use_builder":"","_et_pb_old_content":"","_et_gb_content_width":"","footnotes":""},"categories":[116,119],"tags":[124,130,125,131,126,127,133,128,134,135,136,132,129],"class_list":["post-9204","post","type-post","status-publish","format-standard","has-post-thumbnail","hentry","category-coffee-en","category-sustainability","tag-cafe-arabica-en","tag-cafe-e-sustentabilidade-en","tag-cafe-matas-de-minas-en","tag-cafe-sustentavel-en","tag-cafeicultura-brasileira-en","tag-cafeicultura-no-brasil-en","tag-cafeicultura-sustentavel-en","tag-matas-de-minas-en","tag-matas-e-nascentes-en","tag-mutua-matas-e-nascentes-en","tag-projeto-mutua-en","tag-sustentabilidade-en","tag-zona-da-mata-en"],"yoast_head":"<!-- This site is optimized with the Yoast SEO plugin v27.4 - https:\/\/yoast.com\/product\/yoast-seo-wordpress\/ -->\n<title>Heat Waves and the Impacts on Brazilian Coffee Growing - Atlantica Coffee<\/title>\n<meta name=\"robots\" content=\"index, follow, max-snippet:-1, max-image-preview:large, max-video-preview:-1\" \/>\n<link rel=\"canonical\" href=\"https:\/\/www.atlanticacoffee.com\/en\/heat-waves-and-the-impacts-on-brazilian-coffee-growing\/\" \/>\n<meta property=\"og:locale\" content=\"en_US\" \/>\n<meta property=\"og:type\" content=\"article\" \/>\n<meta property=\"og:title\" content=\"Heat Waves and the Impacts on Brazilian Coffee Growing - Atlantica Coffee\" \/>\n<meta property=\"og:description\" content=\"In the last few months, Brazil has been facing a scenario of extreme climate volatility, which has left coffee growers on alert. The country has experienced a series of events, including intense heat: we are in the third heat wave in less than 3 months. This has raised alarm bells for coffee plantations. After all, [&hellip;]\" \/>\n<meta property=\"og:url\" content=\"https:\/\/www.atlanticacoffee.com\/en\/heat-waves-and-the-impacts-on-brazilian-coffee-growing\/\" \/>\n<meta property=\"og:site_name\" content=\"Atlantica Coffee\" \/>\n<meta property=\"article:published_time\" content=\"2023-11-16T13:32:06+00:00\" \/>\n<meta property=\"article:modified_time\" content=\"2025-06-02T20:27:28+00:00\" \/>\n<meta property=\"og:image\" content=\"https:\/\/www.atlanticacoffee.com\/wp-content\/uploads\/2023\/11\/Banner-E-mail-18.png\" \/>\n\t<meta property=\"og:image:width\" content=\"1080\" \/>\n\t<meta property=\"og:image:height\" content=\"301\" \/>\n\t<meta property=\"og:image:type\" content=\"image\/png\" \/>\n<meta name=\"author\" content=\"Atlantica Coffee\" \/>\n<meta name=\"twitter:card\" content=\"summary_large_image\" \/>\n<meta name=\"twitter:label1\" content=\"Written by\" \/>\n\t<meta name=\"twitter:data1\" content=\"Atlantica Coffee\" \/>\n\t<meta name=\"twitter:label2\" content=\"Est. reading time\" \/>\n\t<meta name=\"twitter:data2\" content=\"2 minutes\" \/>\n<script type=\"application\/ld+json\" class=\"yoast-schema-graph\">{\"@context\":\"https:\\\/\\\/schema.org\",\"@graph\":[{\"@type\":\"Article\",\"@id\":\"https:\\\/\\\/www.atlanticacoffee.com\\\/en\\\/heat-waves-and-the-impacts-on-brazilian-coffee-growing\\\/#article\",\"isPartOf\":{\"@id\":\"https:\\\/\\\/www.atlanticacoffee.com\\\/en\\\/heat-waves-and-the-impacts-on-brazilian-coffee-growing\\\/\"},\"author\":{\"name\":\"Atlantica Coffee\",\"@id\":\"https:\\\/\\\/www.atlanticacoffee.com\\\/en\\\/#\\\/schema\\\/person\\\/e5df01a66a282b2240e7ff2097162c32\"},\"headline\":\"Heat Waves and the Impacts on Brazilian Coffee Growing\",\"datePublished\":\"2023-11-16T13:32:06+00:00\",\"dateModified\":\"2025-06-02T20:27:28+00:00\",\"mainEntityOfPage\":{\"@id\":\"https:\\\/\\\/www.atlanticacoffee.com\\\/en\\\/heat-waves-and-the-impacts-on-brazilian-coffee-growing\\\/\"},\"wordCount\":481,\"image\":{\"@id\":\"https:\\\/\\\/www.atlanticacoffee.com\\\/en\\\/heat-waves-and-the-impacts-on-brazilian-coffee-growing\\\/#primaryimage\"},\"thumbnailUrl\":\"https:\\\/\\\/www.atlanticacoffee.com\\\/wp-content\\\/uploads\\\/2025\\\/08\\\/Banner-E-mail-17.webp\",\"keywords\":[\"caf\u00e9 ar\u00e1bica\",\"caf\u00e9 e sustentabilidade\",\"cafe matas de minas\",\"caf\u00e9 sustent\u00e1vel\",\"cafeicultura brasileira\",\"cafeicultura no brasil\",\"cafeicultura sustentavel\",\"matas de minas\",\"matas e nascentes\",\"mutua matas e nascentes\",\"projeto mutua\",\"sustentabilidade\",\"zona da mata\"],\"articleSection\":[\"Coffee\",\"Sustainability\"],\"inLanguage\":\"en-US\"},{\"@type\":\"WebPage\",\"@id\":\"https:\\\/\\\/www.atlanticacoffee.com\\\/en\\\/heat-waves-and-the-impacts-on-brazilian-coffee-growing\\\/\",\"url\":\"https:\\\/\\\/www.atlanticacoffee.com\\\/en\\\/heat-waves-and-the-impacts-on-brazilian-coffee-growing\\\/\",\"name\":\"Heat Waves and the Impacts on Brazilian Coffee Growing - Atlantica Coffee\",\"isPartOf\":{\"@id\":\"https:\\\/\\\/www.atlanticacoffee.com\\\/en\\\/#website\"},\"primaryImageOfPage\":{\"@id\":\"https:\\\/\\\/www.atlanticacoffee.com\\\/en\\\/heat-waves-and-the-impacts-on-brazilian-coffee-growing\\\/#primaryimage\"},\"image\":{\"@id\":\"https:\\\/\\\/www.atlanticacoffee.com\\\/en\\\/heat-waves-and-the-impacts-on-brazilian-coffee-growing\\\/#primaryimage\"},\"thumbnailUrl\":\"https:\\\/\\\/www.atlanticacoffee.com\\\/wp-content\\\/uploads\\\/2025\\\/08\\\/Banner-E-mail-17.webp\",\"datePublished\":\"2023-11-16T13:32:06+00:00\",\"dateModified\":\"2025-06-02T20:27:28+00:00\",\"author\":{\"@id\":\"https:\\\/\\\/www.atlanticacoffee.com\\\/en\\\/#\\\/schema\\\/person\\\/e5df01a66a282b2240e7ff2097162c32\"},\"breadcrumb\":{\"@id\":\"https:\\\/\\\/www.atlanticacoffee.com\\\/en\\\/heat-waves-and-the-impacts-on-brazilian-coffee-growing\\\/#breadcrumb\"},\"inLanguage\":\"en-US\",\"potentialAction\":[{\"@type\":\"ReadAction\",\"target\":[\"https:\\\/\\\/www.atlanticacoffee.com\\\/en\\\/heat-waves-and-the-impacts-on-brazilian-coffee-growing\\\/\"]}]},{\"@type\":\"ImageObject\",\"inLanguage\":\"en-US\",\"@id\":\"https:\\\/\\\/www.atlanticacoffee.com\\\/en\\\/heat-waves-and-the-impacts-on-brazilian-coffee-growing\\\/#primaryimage\",\"url\":\"https:\\\/\\\/www.atlanticacoffee.com\\\/wp-content\\\/uploads\\\/2025\\\/08\\\/Banner-E-mail-17.webp\",\"contentUrl\":\"https:\\\/\\\/www.atlanticacoffee.com\\\/wp-content\\\/uploads\\\/2025\\\/08\\\/Banner-E-mail-17.webp\",\"width\":1080,\"height\":301},{\"@type\":\"BreadcrumbList\",\"@id\":\"https:\\\/\\\/www.atlanticacoffee.com\\\/en\\\/heat-waves-and-the-impacts-on-brazilian-coffee-growing\\\/#breadcrumb\",\"itemListElement\":[{\"@type\":\"ListItem\",\"position\":1,\"name\":\"Home\",\"item\":\"https:\\\/\\\/www.atlanticacoffee.com\\\/en\\\/\"},{\"@type\":\"ListItem\",\"position\":2,\"name\":\"Heat Waves and the Impacts on Brazilian Coffee Growing\"}]},{\"@type\":\"WebSite\",\"@id\":\"https:\\\/\\\/www.atlanticacoffee.com\\\/en\\\/#website\",\"url\":\"https:\\\/\\\/www.atlanticacoffee.com\\\/en\\\/\",\"name\":\"Atlantica Coffee\",\"description\":\"\",\"potentialAction\":[{\"@type\":\"SearchAction\",\"target\":{\"@type\":\"EntryPoint\",\"urlTemplate\":\"https:\\\/\\\/www.atlanticacoffee.com\\\/en\\\/?s={search_term_string}\"},\"query-input\":{\"@type\":\"PropertyValueSpecification\",\"valueRequired\":true,\"valueName\":\"search_term_string\"}}],\"inLanguage\":\"en-US\"},{\"@type\":\"Person\",\"@id\":\"https:\\\/\\\/www.atlanticacoffee.com\\\/en\\\/#\\\/schema\\\/person\\\/e5df01a66a282b2240e7ff2097162c32\",\"name\":\"Atlantica Coffee\",\"image\":{\"@type\":\"ImageObject\",\"inLanguage\":\"en-US\",\"@id\":\"https:\\\/\\\/www.atlanticacoffee.com\\\/wp-content\\\/litespeed\\\/avatar\\\/4d281a83aba8d88d87861d7f51e33567.jpg?ver=1776786799\",\"url\":\"https:\\\/\\\/www.atlanticacoffee.com\\\/wp-content\\\/litespeed\\\/avatar\\\/4d281a83aba8d88d87861d7f51e33567.jpg?ver=1776786799\",\"contentUrl\":\"https:\\\/\\\/www.atlanticacoffee.com\\\/wp-content\\\/litespeed\\\/avatar\\\/4d281a83aba8d88d87861d7f51e33567.jpg?ver=1776786799\",\"caption\":\"Atlantica Coffee\"},\"url\":\"https:\\\/\\\/www.atlanticacoffee.com\\\/en\\\/author\\\/anaprado\\\/\"}]}<\/script>\n<!-- \/ Yoast SEO plugin. -->","yoast_head_json":{"title":"Heat Waves and the Impacts on Brazilian Coffee Growing - Atlantica Coffee","robots":{"index":"index","follow":"follow","max-snippet":"max-snippet:-1","max-image-preview":"max-image-preview:large","max-video-preview":"max-video-preview:-1"},"canonical":"https:\/\/www.atlanticacoffee.com\/en\/heat-waves-and-the-impacts-on-brazilian-coffee-growing\/","og_locale":"en_US","og_type":"article","og_title":"Heat Waves and the Impacts on Brazilian Coffee Growing - Atlantica Coffee","og_description":"In the last few months, Brazil has been facing a scenario of extreme climate volatility, which has left coffee growers on alert. The country has experienced a series of events, including intense heat: we are in the third heat wave in less than 3 months. This has raised alarm bells for coffee plantations. After all, [&hellip;]","og_url":"https:\/\/www.atlanticacoffee.com\/en\/heat-waves-and-the-impacts-on-brazilian-coffee-growing\/","og_site_name":"Atlantica Coffee","article_published_time":"2023-11-16T13:32:06+00:00","article_modified_time":"2025-06-02T20:27:28+00:00","og_image":[{"width":1080,"height":301,"url":"https:\/\/www.atlanticacoffee.com\/wp-content\/uploads\/2023\/11\/Banner-E-mail-18.png","type":"image\/png"}],"author":"Atlantica Coffee","twitter_card":"summary_large_image","twitter_misc":{"Written by":"Atlantica Coffee","Est. reading time":"2 minutes"},"schema":{"@context":"https:\/\/schema.org","@graph":[{"@type":"Article","@id":"https:\/\/www.atlanticacoffee.com\/en\/heat-waves-and-the-impacts-on-brazilian-coffee-growing\/#article","isPartOf":{"@id":"https:\/\/www.atlanticacoffee.com\/en\/heat-waves-and-the-impacts-on-brazilian-coffee-growing\/"},"author":{"name":"Atlantica Coffee","@id":"https:\/\/www.atlanticacoffee.com\/en\/#\/schema\/person\/e5df01a66a282b2240e7ff2097162c32"},"headline":"Heat Waves and the Impacts on Brazilian Coffee Growing","datePublished":"2023-11-16T13:32:06+00:00","dateModified":"2025-06-02T20:27:28+00:00","mainEntityOfPage":{"@id":"https:\/\/www.atlanticacoffee.com\/en\/heat-waves-and-the-impacts-on-brazilian-coffee-growing\/"},"wordCount":481,"image":{"@id":"https:\/\/www.atlanticacoffee.com\/en\/heat-waves-and-the-impacts-on-brazilian-coffee-growing\/#primaryimage"},"thumbnailUrl":"https:\/\/www.atlanticacoffee.com\/wp-content\/uploads\/2025\/08\/Banner-E-mail-17.webp","keywords":["caf\u00e9 ar\u00e1bica","caf\u00e9 e sustentabilidade","cafe matas de minas","caf\u00e9 sustent\u00e1vel","cafeicultura brasileira","cafeicultura no brasil","cafeicultura sustentavel","matas de minas","matas e nascentes","mutua matas e nascentes","projeto mutua","sustentabilidade","zona da mata"],"articleSection":["Coffee","Sustainability"],"inLanguage":"en-US"},{"@type":"WebPage","@id":"https:\/\/www.atlanticacoffee.com\/en\/heat-waves-and-the-impacts-on-brazilian-coffee-growing\/","url":"https:\/\/www.atlanticacoffee.com\/en\/heat-waves-and-the-impacts-on-brazilian-coffee-growing\/","name":"Heat Waves and the Impacts on Brazilian Coffee Growing - Atlantica Coffee","isPartOf":{"@id":"https:\/\/www.atlanticacoffee.com\/en\/#website"},"primaryImageOfPage":{"@id":"https:\/\/www.atlanticacoffee.com\/en\/heat-waves-and-the-impacts-on-brazilian-coffee-growing\/#primaryimage"},"image":{"@id":"https:\/\/www.atlanticacoffee.com\/en\/heat-waves-and-the-impacts-on-brazilian-coffee-growing\/#primaryimage"},"thumbnailUrl":"https:\/\/www.atlanticacoffee.com\/wp-content\/uploads\/2025\/08\/Banner-E-mail-17.webp","datePublished":"2023-11-16T13:32:06+00:00","dateModified":"2025-06-02T20:27:28+00:00","author":{"@id":"https:\/\/www.atlanticacoffee.com\/en\/#\/schema\/person\/e5df01a66a282b2240e7ff2097162c32"},"breadcrumb":{"@id":"https:\/\/www.atlanticacoffee.com\/en\/heat-waves-and-the-impacts-on-brazilian-coffee-growing\/#breadcrumb"},"inLanguage":"en-US","potentialAction":[{"@type":"ReadAction","target":["https:\/\/www.atlanticacoffee.com\/en\/heat-waves-and-the-impacts-on-brazilian-coffee-growing\/"]}]},{"@type":"ImageObject","inLanguage":"en-US","@id":"https:\/\/www.atlanticacoffee.com\/en\/heat-waves-and-the-impacts-on-brazilian-coffee-growing\/#primaryimage","url":"https:\/\/www.atlanticacoffee.com\/wp-content\/uploads\/2025\/08\/Banner-E-mail-17.webp","contentUrl":"https:\/\/www.atlanticacoffee.com\/wp-content\/uploads\/2025\/08\/Banner-E-mail-17.webp","width":1080,"height":301},{"@type":"BreadcrumbList","@id":"https:\/\/www.atlanticacoffee.com\/en\/heat-waves-and-the-impacts-on-brazilian-coffee-growing\/#breadcrumb","itemListElement":[{"@type":"ListItem","position":1,"name":"Home","item":"https:\/\/www.atlanticacoffee.com\/en\/"},{"@type":"ListItem","position":2,"name":"Heat Waves and the Impacts on Brazilian Coffee Growing"}]},{"@type":"WebSite","@id":"https:\/\/www.atlanticacoffee.com\/en\/#website","url":"https:\/\/www.atlanticacoffee.com\/en\/","name":"Atlantica Coffee","description":"","potentialAction":[{"@type":"SearchAction","target":{"@type":"EntryPoint","urlTemplate":"https:\/\/www.atlanticacoffee.com\/en\/?s={search_term_string}"},"query-input":{"@type":"PropertyValueSpecification","valueRequired":true,"valueName":"search_term_string"}}],"inLanguage":"en-US"},{"@type":"Person","@id":"https:\/\/www.atlanticacoffee.com\/en\/#\/schema\/person\/e5df01a66a282b2240e7ff2097162c32","name":"Atlantica Coffee","image":{"@type":"ImageObject","inLanguage":"en-US","@id":"https:\/\/www.atlanticacoffee.com\/wp-content\/litespeed\/avatar\/4d281a83aba8d88d87861d7f51e33567.jpg?ver=1776786799","url":"https:\/\/www.atlanticacoffee.com\/wp-content\/litespeed\/avatar\/4d281a83aba8d88d87861d7f51e33567.jpg?ver=1776786799","contentUrl":"https:\/\/www.atlanticacoffee.com\/wp-content\/litespeed\/avatar\/4d281a83aba8d88d87861d7f51e33567.jpg?ver=1776786799","caption":"Atlantica Coffee"},"url":"https:\/\/www.atlanticacoffee.com\/en\/author\/anaprado\/"}]}},"_links":{"self":[{"href":"https:\/\/www.atlanticacoffee.com\/en\/wp-json\/wp\/v2\/posts\/9204","targetHints":{"allow":["GET"]}}],"collection":[{"href":"https:\/\/www.atlanticacoffee.com\/en\/wp-json\/wp\/v2\/posts"}],"about":[{"href":"https:\/\/www.atlanticacoffee.com\/en\/wp-json\/wp\/v2\/types\/post"}],"author":[{"embeddable":true,"href":"https:\/\/www.atlanticacoffee.com\/en\/wp-json\/wp\/v2\/users\/5"}],"replies":[{"embeddable":true,"href":"https:\/\/www.atlanticacoffee.com\/en\/wp-json\/wp\/v2\/comments?post=9204"}],"version-history":[{"count":1,"href":"https:\/\/www.atlanticacoffee.com\/en\/wp-json\/wp\/v2\/posts\/9204\/revisions"}],"predecessor-version":[{"id":9205,"href":"https:\/\/www.atlanticacoffee.com\/en\/wp-json\/wp\/v2\/posts\/9204\/revisions\/9205"}],"wp:featuredmedia":[{"embeddable":true,"href":"https:\/\/www.atlanticacoffee.com\/en\/wp-json\/wp\/v2\/media\/8844"}],"wp:attachment":[{"href":"https:\/\/www.atlanticacoffee.com\/en\/wp-json\/wp\/v2\/media?parent=9204"}],"wp:term":[{"taxonomy":"category","embeddable":true,"href":"https:\/\/www.atlanticacoffee.com\/en\/wp-json\/wp\/v2\/categories?post=9204"},{"taxonomy":"post_tag","embeddable":true,"href":"https:\/\/www.atlanticacoffee.com\/en\/wp-json\/wp\/v2\/tags?post=9204"}],"curies":[{"name":"wp","href":"https:\/\/api.w.org\/{rel}","templated":true}]}}