{"id":9427,"date":"2024-04-19T11:17:16","date_gmt":"2024-04-19T14:17:16","guid":{"rendered":"https:\/\/www.atlanticacoffee.com\/atlantica-coffee-holds-the-2nd-mutua-project-awards-ceremony\/"},"modified":"2025-08-11T16:08:20","modified_gmt":"2025-08-11T19:08:20","slug":"atlantica-coffee-holds-the-2nd-mutua-project-awards-ceremony","status":"publish","type":"post","link":"https:\/\/www.atlanticacoffee.com\/en\/atlantica-coffee-holds-the-2nd-mutua-project-awards-ceremony\/","title":{"rendered":"Atlantica Coffee holds the 2nd Mutua Project awards ceremony"},"content":{"rendered":"\n<p class=\"has-text-align-center has-small-font-size\"><\/p>\n\n<p><\/p>\n\n<p>On April 11, the 2nd Mutua \u2013 Matas e Nascentes Project awards ceremony was held, a get-together to award US$3.00 per bag exported to the producers taking part in the project.<\/p>\n\n<p>The project aims to implement good sustainable practices on the coffee farms of producers in the Matas de Minas at zero cost, i.e. all the improvements are 100% funded by the company behind the project, Atlantica Coffee. <\/p>\n\n<figure class=\"wp-block-image aligncenter size-large\"><img loading=\"lazy\" decoding=\"async\" width=\"1024\" height=\"768\" src=\"https:\/\/www.atlanticacoffee.com\/wp-content\/uploads\/2024\/04\/WhatsApp-Image-2024-04-19-at-10.22.58-1024x768.jpeg\" alt=\"\" class=\"wp-image-8139\" srcset=\"https:\/\/www.atlanticacoffee.com\/wp-content\/uploads\/2024\/04\/WhatsApp-Image-2024-04-19-at-10.22.58-1024x768.jpeg 1024w, https:\/\/www.atlanticacoffee.com\/wp-content\/uploads\/2024\/04\/WhatsApp-Image-2024-04-19-at-10.22.58-980x735.jpeg 980w, https:\/\/www.atlanticacoffee.com\/wp-content\/uploads\/2024\/04\/WhatsApp-Image-2024-04-19-at-10.22.58-480x360.jpeg 480w\" sizes=\"(min-width: 0px) and (max-width: 480px) 480px, (min-width: 481px) and (max-width: 980px) 980px, (min-width: 981px) 1024px, 100vw\" \/><\/figure>\n\n<p><\/p>\n\n<p><\/p>\n\n<p>The breathtaking scenery of the Capara\u00f3 mountains served as the backdrop for the start of the celebration, with an opening message from Rodrigo Montesanto, CEO of Atlantica Coffee. He expressed his sincere thanks to the coffee growers for their contribution to the sustainability of the coffee sector through the actions of this project. <\/p>\n\n<p>Next, Roney Gon\u00e7alves, the person in charge of the project, presented the <a href=\"https:\/\/www.atlanticacoffee.com\/en\/mutua-project-results-from-the-first-group-of-coffee-growers\/\">results achieved by the first group of participants<\/a>: a total of 12,050 seedlings were planted, 25 springs were restored and 13 farms received primary treatment for domestic sewage.<\/p>\n\n<p><\/p>\n\n<figure class=\"wp-block-gallery has-nested-images columns-default is-cropped wp-block-gallery-1 is-layout-flex wp-block-gallery-is-layout-flex\">\n<figure class=\"wp-block-image size-large\"><img decoding=\"async\" data-id=\"8141\" src=\"https:\/\/www.atlanticacoffee.com\/wp-content\/uploads\/2024\/04\/DSC06100-1.jpg\" alt=\"\" class=\"wp-image-8141\"\/><\/figure>\n\n\n\n<figure class=\"wp-block-image size-large\"><img decoding=\"async\" data-id=\"8140\" src=\"https:\/\/www.atlanticacoffee.com\/wp-content\/uploads\/2024\/04\/DSC05908-1-1-684x1024.jpg\" alt=\"\" class=\"wp-image-8140\"\/><\/figure>\n<\/figure>\n\n<p><\/p>\n\n<p><\/p>\n\n<p>Then it was time to reward the coffee growers, who received a bonus of 3 dollars per bag sold. It\u2019s important to note that participating coffee growers are not obliged to market their coffee with Atlantica Coffee. The company behind the project offers support to implement good sustainable practices on the producers\u2019 coffee farms, but the marketing of the coffee is the choice of the growers. The bonus for the number of bags sold with Atlantica is just one of the ways to encourage them to stay on the path of sustainable coffee growing.   <\/p>\n\n<figure class=\"wp-block-gallery has-nested-images columns-default is-cropped wp-block-gallery-2 is-layout-flex wp-block-gallery-is-layout-flex\">\n<figure class=\"wp-block-image size-large\"><img decoding=\"async\" data-id=\"8142\" src=\"https:\/\/www.atlanticacoffee.com\/wp-content\/uploads\/2024\/04\/DSC06350-1.jpg\" alt=\"\" class=\"wp-image-8142\"\/><\/figure>\n\n\n\n<figure class=\"wp-block-image size-large\"><img decoding=\"async\" data-id=\"8145\" src=\"https:\/\/www.atlanticacoffee.com\/wp-content\/uploads\/2024\/04\/DSC063321-1.jpg\" alt=\"\" class=\"wp-image-8145\"\/><\/figure>\n\n\n\n<figure class=\"wp-block-image size-large\"><img decoding=\"async\" data-id=\"8143\" src=\"https:\/\/www.atlanticacoffee.com\/wp-content\/uploads\/2024\/04\/DSC06223-1.jpg\" alt=\"\" class=\"wp-image-8143\"\/><\/figure>\n\n\n\n<figure class=\"wp-block-image size-large\"><img decoding=\"async\" data-id=\"8148\" src=\"https:\/\/www.atlanticacoffee.com\/wp-content\/uploads\/2024\/04\/DSC06235-1.jpg\" alt=\"\" class=\"wp-image-8148\"\/><\/figure>\n\n\n\n<figure class=\"wp-block-image size-large\"><img decoding=\"async\" data-id=\"8144\" src=\"https:\/\/www.atlanticacoffee.com\/wp-content\/uploads\/2024\/04\/DSC06243-1.jpg\" alt=\"\" class=\"wp-image-8144\"\/><\/figure>\n\n\n\n<figure class=\"wp-block-image size-large\"><img decoding=\"async\" data-id=\"8147\" src=\"https:\/\/www.atlanticacoffee.com\/wp-content\/uploads\/2024\/04\/DSC06288-1.jpg\" alt=\"\" class=\"wp-image-8147\"\/><\/figure>\n\n\n\n<figure class=\"wp-block-image size-large\"><img decoding=\"async\" data-id=\"8146\" src=\"https:\/\/www.atlanticacoffee.com\/wp-content\/uploads\/2024\/04\/DSC06378-1.jpg\" alt=\"\" class=\"wp-image-8146\"\/><\/figure>\n\n\n\n<figure class=\"wp-block-image size-large\"><img loading=\"lazy\" decoding=\"async\" width=\"1018\" height=\"680\" data-id=\"8149\" src=\"https:\/\/www.atlanticacoffee.com\/wp-content\/uploads\/2024\/04\/DSC06386.jpg\" alt=\"\" class=\"wp-image-8149\" srcset=\"https:\/\/www.atlanticacoffee.com\/wp-content\/uploads\/2024\/04\/DSC06386.jpg 1018w, https:\/\/www.atlanticacoffee.com\/wp-content\/uploads\/2024\/04\/DSC06386-980x655.jpg 980w, https:\/\/www.atlanticacoffee.com\/wp-content\/uploads\/2024\/04\/DSC06386-480x321.jpg 480w\" sizes=\"(min-width: 0px) and (max-width: 480px) 480px, (min-width: 481px) and (max-width: 980px) 980px, (min-width: 981px) 1018px, 100vw\" \/><\/figure>\n<\/figure>\n\n<p><\/p>\n\n<p>The participants\u2019 awards are a validation of the success of the actions undertaken by the Project. The bonus granted by Atlantica not only recognizes, but also celebrates the effort and dedication of coffee growers to boost the sustainable development of Brazilian coffee growing. By incorporating sustainability at every stage, we are witnessing a real win-win situation, where both producers and the environment reap the rewards of a shared commitment to a brighter future.  <\/p>\n\n<p><\/p>\n\n<p><\/p>\n\n<h2 class=\"wp-block-heading\">Read more:<\/h2>\n\n<p><\/p>\n\n<div class=\"wp-block-media-text alignwide is-stacked-on-mobile\"><figure class=\"wp-block-media-text__media\"><a href=\"https:\/\/www.atlanticacoffee.com\/projeto-mutua-resultados-do-primeiro-grupo-de-cafeicultores\/\"><img loading=\"lazy\" decoding=\"async\" width=\"1024\" height=\"285\" src=\"https:\/\/www.atlanticacoffee.com\/wp-content\/uploads\/2023\/08\/Banner-E-mail-2-1024x285.png\" alt=\"\" class=\"wp-image-7849 size-full\" srcset=\"https:\/\/www.atlanticacoffee.com\/wp-content\/uploads\/2023\/08\/Banner-E-mail-2-1024x285.png 1024w, https:\/\/www.atlanticacoffee.com\/wp-content\/uploads\/2023\/08\/Banner-E-mail-2-980x273.png 980w, https:\/\/www.atlanticacoffee.com\/wp-content\/uploads\/2023\/08\/Banner-E-mail-2-480x134.png 480w\" sizes=\"(min-width: 0px) and (max-width: 480px) 480px, (min-width: 481px) and (max-width: 980px) 980px, (min-width: 981px) 1024px, 100vw\" \/><\/a><\/figure><div class=\"wp-block-media-text__content\">\n<h2 class=\"wp-block-heading\"><a href=\"https:\/\/www.atlanticacoffee.com\/en\/mutua-project-results-from-the-first-group-of-coffee-growers\/\">Mutua Project: Results from the first group of coffee growers<\/a><\/h2>\n\n\n\n<p>Check out the results from the first group of coffee growers of the Project Mutua \u2013 Forests and Springs, an Atlantica Coffee initiative to boost sustainability and positive impact coffee growing. <a href=\"https:\/\/www.atlanticacoffee.com\/en\/mutua-project-results-from-the-first-group-of-coffee-growers\/\" target=\"_blank\" rel=\"noreferrer noopener\">Read More<\/a><\/p>\n<\/div><\/div>\n\n<div class=\"wp-block-media-text alignwide is-stacked-on-mobile\"><figure class=\"wp-block-media-text__media\"><a href=\"https:\/\/www.atlanticacoffee.com\/cafeicultura-e-clima-desafios-dos-produtores-brasileiros-nos-proximos-meses\/\"><img decoding=\"async\" src=\"https:\/\/www.atlanticacoffee.com\/wp-content\/uploads\/2025\/08\/Banner-E-mail-17-1024x285.webp\" alt=\"\" class=\"wp-image-7949 size-full\"\/><\/a><\/figure><div class=\"wp-block-media-text__content\">\n<h2 class=\"wp-block-heading\"><a href=\"https:\/\/www.atlanticacoffee.com\/en\/heat-waves-and-the-impacts-on-brazilian-coffee-growing\/\">Heat Waves and the Impacts on Brazilian Coffee Growing<\/a><\/h2>\n\n\n\n<p>Intense heat waves can have consequences for coffee crops, understand how: <a href=\"https:\/\/www.atlanticacoffee.com\/en\/heat-waves-and-the-impacts-on-brazilian-coffee-growing\/\" target=\"_blank\" rel=\"noreferrer noopener\">Read More<\/a><\/p>\n<\/div><\/div>\n\n<p><sub>*<\/sub><em><sub>This article aims only to provide information about the impacts of weather, based on internal and public sources, valid at the time of its dissemination. It does not aim to guide recipients in making any decisions, which are therefore solely the responsibility of the recipient. Atlantica Coffee is exempt from any liability arising from direct or indirect losses.  <\/sub><\/em><\/p>\n\n<p><\/p>\n\n<p><\/p>\n\n<p><\/p>\n\n<p><\/p>\n\n<p><\/p>\n\n<p><\/p>\n","protected":false},"excerpt":{"rendered":"<p>On April 11, the 2nd Mutua \u2013 Matas e Nascentes Project awards ceremony was held, a get-together to award US$3.00 per bag exported to the producers taking part in the project. The project aims to implement good sustainable practices on the coffee farms of producers in the Matas de Minas at zero cost, i.e. all [&hellip;]<\/p>\n","protected":false},"author":5,"featured_media":8987,"comment_status":"closed","ping_status":"open","sticky":false,"template":"","format":"standard","meta":{"_et_pb_use_builder":"","_et_pb_old_content":"","_et_gb_content_width":"","footnotes":""},"categories":[116,119],"tags":[124,130,125,131,126,127,133,128,134,135,136,132,129],"class_list":["post-9427","post","type-post","status-publish","format-standard","has-post-thumbnail","hentry","category-coffee-en","category-sustainability","tag-cafe-arabica-en","tag-cafe-e-sustentabilidade-en","tag-cafe-matas-de-minas-en","tag-cafe-sustentavel-en","tag-cafeicultura-brasileira-en","tag-cafeicultura-no-brasil-en","tag-cafeicultura-sustentavel-en","tag-matas-de-minas-en","tag-matas-e-nascentes-en","tag-mutua-matas-e-nascentes-en","tag-projeto-mutua-en","tag-sustentabilidade-en","tag-zona-da-mata-en"],"yoast_head":"<!-- This site is optimized with the Yoast SEO plugin v27.4 - https:\/\/yoast.com\/product\/yoast-seo-wordpress\/ -->\n<title>Atlantica Coffee holds the 2nd Mutua Project awards ceremony - Atlantica Coffee<\/title>\n<meta name=\"robots\" content=\"index, follow, max-snippet:-1, max-image-preview:large, max-video-preview:-1\" \/>\n<link rel=\"canonical\" href=\"https:\/\/www.atlanticacoffee.com\/en\/atlantica-coffee-holds-the-2nd-mutua-project-awards-ceremony\/\" \/>\n<meta property=\"og:locale\" content=\"en_US\" \/>\n<meta property=\"og:type\" content=\"article\" \/>\n<meta property=\"og:title\" content=\"Atlantica Coffee holds the 2nd Mutua Project awards ceremony - Atlantica Coffee\" \/>\n<meta property=\"og:description\" content=\"On April 11, the 2nd Mutua \u2013 Matas e Nascentes Project awards ceremony was held, a get-together to award US$3.00 per bag exported to the producers taking part in the project. The project aims to implement good sustainable practices on the coffee farms of producers in the Matas de Minas at zero cost, i.e. all [&hellip;]\" \/>\n<meta property=\"og:url\" content=\"https:\/\/www.atlanticacoffee.com\/en\/atlantica-coffee-holds-the-2nd-mutua-project-awards-ceremony\/\" \/>\n<meta property=\"og:site_name\" content=\"Atlantica Coffee\" \/>\n<meta property=\"article:published_time\" content=\"2024-04-19T14:17:16+00:00\" \/>\n<meta property=\"article:modified_time\" content=\"2025-08-11T19:08:20+00:00\" \/>\n<meta property=\"og:image\" content=\"https:\/\/www.atlanticacoffee.com\/wp-content\/uploads\/2025\/08\/Banner-E-mail-23.png.webp\" \/>\n\t<meta property=\"og:image:width\" content=\"1080\" \/>\n\t<meta property=\"og:image:height\" content=\"301\" \/>\n\t<meta property=\"og:image:type\" content=\"image\/png\" \/>\n<meta name=\"author\" content=\"Atlantica Coffee\" \/>\n<meta name=\"twitter:card\" content=\"summary_large_image\" \/>\n<meta name=\"twitter:label1\" content=\"Written by\" \/>\n\t<meta name=\"twitter:data1\" content=\"Atlantica Coffee\" \/>\n\t<meta name=\"twitter:label2\" content=\"Est. reading time\" \/>\n\t<meta name=\"twitter:data2\" content=\"2 minutes\" \/>\n<script type=\"application\/ld+json\" class=\"yoast-schema-graph\">{\"@context\":\"https:\\\/\\\/schema.org\",\"@graph\":[{\"@type\":\"Article\",\"@id\":\"https:\\\/\\\/www.atlanticacoffee.com\\\/en\\\/atlantica-coffee-holds-the-2nd-mutua-project-awards-ceremony\\\/#article\",\"isPartOf\":{\"@id\":\"https:\\\/\\\/www.atlanticacoffee.com\\\/en\\\/atlantica-coffee-holds-the-2nd-mutua-project-awards-ceremony\\\/\"},\"author\":{\"name\":\"Atlantica Coffee\",\"@id\":\"https:\\\/\\\/www.atlanticacoffee.com\\\/en\\\/#\\\/schema\\\/person\\\/e5df01a66a282b2240e7ff2097162c32\"},\"headline\":\"Atlantica Coffee holds the 2nd Mutua Project awards ceremony\",\"datePublished\":\"2024-04-19T14:17:16+00:00\",\"dateModified\":\"2025-08-11T19:08:20+00:00\",\"mainEntityOfPage\":{\"@id\":\"https:\\\/\\\/www.atlanticacoffee.com\\\/en\\\/atlantica-coffee-holds-the-2nd-mutua-project-awards-ceremony\\\/\"},\"wordCount\":457,\"image\":{\"@id\":\"https:\\\/\\\/www.atlanticacoffee.com\\\/en\\\/atlantica-coffee-holds-the-2nd-mutua-project-awards-ceremony\\\/#primaryimage\"},\"thumbnailUrl\":\"https:\\\/\\\/www.atlanticacoffee.com\\\/wp-content\\\/uploads\\\/2025\\\/08\\\/Banner-E-mail-23.png.webp\",\"keywords\":[\"caf\u00e9 ar\u00e1bica\",\"caf\u00e9 e sustentabilidade\",\"cafe matas de minas\",\"caf\u00e9 sustent\u00e1vel\",\"cafeicultura brasileira\",\"cafeicultura no brasil\",\"cafeicultura sustentavel\",\"matas de minas\",\"matas e nascentes\",\"mutua matas e nascentes\",\"projeto mutua\",\"sustentabilidade\",\"zona da mata\"],\"articleSection\":[\"Coffee\",\"Sustainability\"],\"inLanguage\":\"en-US\"},{\"@type\":\"WebPage\",\"@id\":\"https:\\\/\\\/www.atlanticacoffee.com\\\/en\\\/atlantica-coffee-holds-the-2nd-mutua-project-awards-ceremony\\\/\",\"url\":\"https:\\\/\\\/www.atlanticacoffee.com\\\/en\\\/atlantica-coffee-holds-the-2nd-mutua-project-awards-ceremony\\\/\",\"name\":\"Atlantica Coffee holds the 2nd Mutua Project awards ceremony - Atlantica Coffee\",\"isPartOf\":{\"@id\":\"https:\\\/\\\/www.atlanticacoffee.com\\\/en\\\/#website\"},\"primaryImageOfPage\":{\"@id\":\"https:\\\/\\\/www.atlanticacoffee.com\\\/en\\\/atlantica-coffee-holds-the-2nd-mutua-project-awards-ceremony\\\/#primaryimage\"},\"image\":{\"@id\":\"https:\\\/\\\/www.atlanticacoffee.com\\\/en\\\/atlantica-coffee-holds-the-2nd-mutua-project-awards-ceremony\\\/#primaryimage\"},\"thumbnailUrl\":\"https:\\\/\\\/www.atlanticacoffee.com\\\/wp-content\\\/uploads\\\/2025\\\/08\\\/Banner-E-mail-23.png.webp\",\"datePublished\":\"2024-04-19T14:17:16+00:00\",\"dateModified\":\"2025-08-11T19:08:20+00:00\",\"author\":{\"@id\":\"https:\\\/\\\/www.atlanticacoffee.com\\\/en\\\/#\\\/schema\\\/person\\\/e5df01a66a282b2240e7ff2097162c32\"},\"breadcrumb\":{\"@id\":\"https:\\\/\\\/www.atlanticacoffee.com\\\/en\\\/atlantica-coffee-holds-the-2nd-mutua-project-awards-ceremony\\\/#breadcrumb\"},\"inLanguage\":\"en-US\",\"potentialAction\":[{\"@type\":\"ReadAction\",\"target\":[\"https:\\\/\\\/www.atlanticacoffee.com\\\/en\\\/atlantica-coffee-holds-the-2nd-mutua-project-awards-ceremony\\\/\"]}]},{\"@type\":\"ImageObject\",\"inLanguage\":\"en-US\",\"@id\":\"https:\\\/\\\/www.atlanticacoffee.com\\\/en\\\/atlantica-coffee-holds-the-2nd-mutua-project-awards-ceremony\\\/#primaryimage\",\"url\":\"https:\\\/\\\/www.atlanticacoffee.com\\\/wp-content\\\/uploads\\\/2025\\\/08\\\/Banner-E-mail-23.png.webp\",\"contentUrl\":\"https:\\\/\\\/www.atlanticacoffee.com\\\/wp-content\\\/uploads\\\/2025\\\/08\\\/Banner-E-mail-23.png.webp\",\"width\":1080,\"height\":301},{\"@type\":\"BreadcrumbList\",\"@id\":\"https:\\\/\\\/www.atlanticacoffee.com\\\/en\\\/atlantica-coffee-holds-the-2nd-mutua-project-awards-ceremony\\\/#breadcrumb\",\"itemListElement\":[{\"@type\":\"ListItem\",\"position\":1,\"name\":\"Home\",\"item\":\"https:\\\/\\\/www.atlanticacoffee.com\\\/en\\\/\"},{\"@type\":\"ListItem\",\"position\":2,\"name\":\"Atlantica Coffee holds the 2nd Mutua Project awards ceremony\"}]},{\"@type\":\"WebSite\",\"@id\":\"https:\\\/\\\/www.atlanticacoffee.com\\\/en\\\/#website\",\"url\":\"https:\\\/\\\/www.atlanticacoffee.com\\\/en\\\/\",\"name\":\"Atlantica Coffee\",\"description\":\"\",\"potentialAction\":[{\"@type\":\"SearchAction\",\"target\":{\"@type\":\"EntryPoint\",\"urlTemplate\":\"https:\\\/\\\/www.atlanticacoffee.com\\\/en\\\/?s={search_term_string}\"},\"query-input\":{\"@type\":\"PropertyValueSpecification\",\"valueRequired\":true,\"valueName\":\"search_term_string\"}}],\"inLanguage\":\"en-US\"},{\"@type\":\"Person\",\"@id\":\"https:\\\/\\\/www.atlanticacoffee.com\\\/en\\\/#\\\/schema\\\/person\\\/e5df01a66a282b2240e7ff2097162c32\",\"name\":\"Atlantica Coffee\",\"image\":{\"@type\":\"ImageObject\",\"inLanguage\":\"en-US\",\"@id\":\"https:\\\/\\\/www.atlanticacoffee.com\\\/wp-content\\\/litespeed\\\/avatar\\\/4d281a83aba8d88d87861d7f51e33567.jpg?ver=1776786799\",\"url\":\"https:\\\/\\\/www.atlanticacoffee.com\\\/wp-content\\\/litespeed\\\/avatar\\\/4d281a83aba8d88d87861d7f51e33567.jpg?ver=1776786799\",\"contentUrl\":\"https:\\\/\\\/www.atlanticacoffee.com\\\/wp-content\\\/litespeed\\\/avatar\\\/4d281a83aba8d88d87861d7f51e33567.jpg?ver=1776786799\",\"caption\":\"Atlantica Coffee\"},\"url\":\"https:\\\/\\\/www.atlanticacoffee.com\\\/en\\\/author\\\/anaprado\\\/\"}]}<\/script>\n<!-- \/ Yoast SEO plugin. -->","yoast_head_json":{"title":"Atlantica Coffee holds the 2nd Mutua Project awards ceremony - Atlantica Coffee","robots":{"index":"index","follow":"follow","max-snippet":"max-snippet:-1","max-image-preview":"max-image-preview:large","max-video-preview":"max-video-preview:-1"},"canonical":"https:\/\/www.atlanticacoffee.com\/en\/atlantica-coffee-holds-the-2nd-mutua-project-awards-ceremony\/","og_locale":"en_US","og_type":"article","og_title":"Atlantica Coffee holds the 2nd Mutua Project awards ceremony - Atlantica Coffee","og_description":"On April 11, the 2nd Mutua \u2013 Matas e Nascentes Project awards ceremony was held, a get-together to award US$3.00 per bag exported to the producers taking part in the project. The project aims to implement good sustainable practices on the coffee farms of producers in the Matas de Minas at zero cost, i.e. all [&hellip;]","og_url":"https:\/\/www.atlanticacoffee.com\/en\/atlantica-coffee-holds-the-2nd-mutua-project-awards-ceremony\/","og_site_name":"Atlantica Coffee","article_published_time":"2024-04-19T14:17:16+00:00","article_modified_time":"2025-08-11T19:08:20+00:00","og_image":[{"width":1080,"height":301,"url":"https:\/\/www.atlanticacoffee.com\/wp-content\/uploads\/2025\/08\/Banner-E-mail-23.png.webp","type":"image\/png"}],"author":"Atlantica Coffee","twitter_card":"summary_large_image","twitter_misc":{"Written by":"Atlantica Coffee","Est. reading time":"2 minutes"},"schema":{"@context":"https:\/\/schema.org","@graph":[{"@type":"Article","@id":"https:\/\/www.atlanticacoffee.com\/en\/atlantica-coffee-holds-the-2nd-mutua-project-awards-ceremony\/#article","isPartOf":{"@id":"https:\/\/www.atlanticacoffee.com\/en\/atlantica-coffee-holds-the-2nd-mutua-project-awards-ceremony\/"},"author":{"name":"Atlantica Coffee","@id":"https:\/\/www.atlanticacoffee.com\/en\/#\/schema\/person\/e5df01a66a282b2240e7ff2097162c32"},"headline":"Atlantica Coffee holds the 2nd Mutua Project awards ceremony","datePublished":"2024-04-19T14:17:16+00:00","dateModified":"2025-08-11T19:08:20+00:00","mainEntityOfPage":{"@id":"https:\/\/www.atlanticacoffee.com\/en\/atlantica-coffee-holds-the-2nd-mutua-project-awards-ceremony\/"},"wordCount":457,"image":{"@id":"https:\/\/www.atlanticacoffee.com\/en\/atlantica-coffee-holds-the-2nd-mutua-project-awards-ceremony\/#primaryimage"},"thumbnailUrl":"https:\/\/www.atlanticacoffee.com\/wp-content\/uploads\/2025\/08\/Banner-E-mail-23.png.webp","keywords":["caf\u00e9 ar\u00e1bica","caf\u00e9 e sustentabilidade","cafe matas de minas","caf\u00e9 sustent\u00e1vel","cafeicultura brasileira","cafeicultura no brasil","cafeicultura sustentavel","matas de minas","matas e nascentes","mutua matas e nascentes","projeto mutua","sustentabilidade","zona da mata"],"articleSection":["Coffee","Sustainability"],"inLanguage":"en-US"},{"@type":"WebPage","@id":"https:\/\/www.atlanticacoffee.com\/en\/atlantica-coffee-holds-the-2nd-mutua-project-awards-ceremony\/","url":"https:\/\/www.atlanticacoffee.com\/en\/atlantica-coffee-holds-the-2nd-mutua-project-awards-ceremony\/","name":"Atlantica Coffee holds the 2nd Mutua Project awards ceremony - Atlantica Coffee","isPartOf":{"@id":"https:\/\/www.atlanticacoffee.com\/en\/#website"},"primaryImageOfPage":{"@id":"https:\/\/www.atlanticacoffee.com\/en\/atlantica-coffee-holds-the-2nd-mutua-project-awards-ceremony\/#primaryimage"},"image":{"@id":"https:\/\/www.atlanticacoffee.com\/en\/atlantica-coffee-holds-the-2nd-mutua-project-awards-ceremony\/#primaryimage"},"thumbnailUrl":"https:\/\/www.atlanticacoffee.com\/wp-content\/uploads\/2025\/08\/Banner-E-mail-23.png.webp","datePublished":"2024-04-19T14:17:16+00:00","dateModified":"2025-08-11T19:08:20+00:00","author":{"@id":"https:\/\/www.atlanticacoffee.com\/en\/#\/schema\/person\/e5df01a66a282b2240e7ff2097162c32"},"breadcrumb":{"@id":"https:\/\/www.atlanticacoffee.com\/en\/atlantica-coffee-holds-the-2nd-mutua-project-awards-ceremony\/#breadcrumb"},"inLanguage":"en-US","potentialAction":[{"@type":"ReadAction","target":["https:\/\/www.atlanticacoffee.com\/en\/atlantica-coffee-holds-the-2nd-mutua-project-awards-ceremony\/"]}]},{"@type":"ImageObject","inLanguage":"en-US","@id":"https:\/\/www.atlanticacoffee.com\/en\/atlantica-coffee-holds-the-2nd-mutua-project-awards-ceremony\/#primaryimage","url":"https:\/\/www.atlanticacoffee.com\/wp-content\/uploads\/2025\/08\/Banner-E-mail-23.png.webp","contentUrl":"https:\/\/www.atlanticacoffee.com\/wp-content\/uploads\/2025\/08\/Banner-E-mail-23.png.webp","width":1080,"height":301},{"@type":"BreadcrumbList","@id":"https:\/\/www.atlanticacoffee.com\/en\/atlantica-coffee-holds-the-2nd-mutua-project-awards-ceremony\/#breadcrumb","itemListElement":[{"@type":"ListItem","position":1,"name":"Home","item":"https:\/\/www.atlanticacoffee.com\/en\/"},{"@type":"ListItem","position":2,"name":"Atlantica Coffee holds the 2nd Mutua Project awards ceremony"}]},{"@type":"WebSite","@id":"https:\/\/www.atlanticacoffee.com\/en\/#website","url":"https:\/\/www.atlanticacoffee.com\/en\/","name":"Atlantica Coffee","description":"","potentialAction":[{"@type":"SearchAction","target":{"@type":"EntryPoint","urlTemplate":"https:\/\/www.atlanticacoffee.com\/en\/?s={search_term_string}"},"query-input":{"@type":"PropertyValueSpecification","valueRequired":true,"valueName":"search_term_string"}}],"inLanguage":"en-US"},{"@type":"Person","@id":"https:\/\/www.atlanticacoffee.com\/en\/#\/schema\/person\/e5df01a66a282b2240e7ff2097162c32","name":"Atlantica Coffee","image":{"@type":"ImageObject","inLanguage":"en-US","@id":"https:\/\/www.atlanticacoffee.com\/wp-content\/litespeed\/avatar\/4d281a83aba8d88d87861d7f51e33567.jpg?ver=1776786799","url":"https:\/\/www.atlanticacoffee.com\/wp-content\/litespeed\/avatar\/4d281a83aba8d88d87861d7f51e33567.jpg?ver=1776786799","contentUrl":"https:\/\/www.atlanticacoffee.com\/wp-content\/litespeed\/avatar\/4d281a83aba8d88d87861d7f51e33567.jpg?ver=1776786799","caption":"Atlantica Coffee"},"url":"https:\/\/www.atlanticacoffee.com\/en\/author\/anaprado\/"}]}},"_links":{"self":[{"href":"https:\/\/www.atlanticacoffee.com\/en\/wp-json\/wp\/v2\/posts\/9427","targetHints":{"allow":["GET"]}}],"collection":[{"href":"https:\/\/www.atlanticacoffee.com\/en\/wp-json\/wp\/v2\/posts"}],"about":[{"href":"https:\/\/www.atlanticacoffee.com\/en\/wp-json\/wp\/v2\/types\/post"}],"author":[{"embeddable":true,"href":"https:\/\/www.atlanticacoffee.com\/en\/wp-json\/wp\/v2\/users\/5"}],"replies":[{"embeddable":true,"href":"https:\/\/www.atlanticacoffee.com\/en\/wp-json\/wp\/v2\/comments?post=9427"}],"version-history":[{"count":3,"href":"https:\/\/www.atlanticacoffee.com\/en\/wp-json\/wp\/v2\/posts\/9427\/revisions"}],"predecessor-version":[{"id":9474,"href":"https:\/\/www.atlanticacoffee.com\/en\/wp-json\/wp\/v2\/posts\/9427\/revisions\/9474"}],"wp:featuredmedia":[{"embeddable":true,"href":"https:\/\/www.atlanticacoffee.com\/en\/wp-json\/wp\/v2\/media\/8987"}],"wp:attachment":[{"href":"https:\/\/www.atlanticacoffee.com\/en\/wp-json\/wp\/v2\/media?parent=9427"}],"wp:term":[{"taxonomy":"category","embeddable":true,"href":"https:\/\/www.atlanticacoffee.com\/en\/wp-json\/wp\/v2\/categories?post=9427"},{"taxonomy":"post_tag","embeddable":true,"href":"https:\/\/www.atlanticacoffee.com\/en\/wp-json\/wp\/v2\/tags?post=9427"}],"curies":[{"name":"wp","href":"https:\/\/api.w.org\/{rel}","templated":true}]}}