{"id":9429,"date":"2024-03-14T14:36:02","date_gmt":"2024-03-14T17:36:02","guid":{"rendered":"https:\/\/www.atlanticacoffee.com\/the-beginning-of-autumn-and-its-challenges-for-brazilian-coffee-growing\/"},"modified":"2025-07-02T19:26:09","modified_gmt":"2025-07-02T22:26:09","slug":"the-beginning-of-autumn-and-its-challenges-for-brazilian-coffee-growing","status":"publish","type":"post","link":"https:\/\/www.atlanticacoffee.com\/en\/the-beginning-of-autumn-and-its-challenges-for-brazilian-coffee-growing\/","title":{"rendered":"The Beginning of Autumn and its Challenges for Brazilian Coffee Growing"},"content":{"rendered":"\n<p class=\"has-text-align-center has-small-font-size\"><\/p>\n\n<p><\/p>\n\n<p>Next week, on March 20, Brazil will officially enter the fall season, a significant transition for the national coffee industry. During this season, the sun will be directly over the equator, resulting in a gradual decrease in solar radiation in the southern hemisphere. This seasonal change brings with it a reduction in temperatures, providing a more favorable environment for the coffee fruit ripening process.  <\/p>\n\n<p>Fall is a crucial period for Brazilian coffee growing, as this is when the fruit begins its ripening process, which lasts until mid-August, varying on the region, altitude and management practices. The milder temperatures characterize an ideal climate for this process, as they promote the plants\u2019 use of energy, directly impacting the quality and quantity of production. <\/p>\n\n<figure class=\"wp-block-image size-full\"><img loading=\"lazy\" decoding=\"async\" width=\"1080\" height=\"301\" src=\"https:\/\/www.atlanticacoffee.com\/wp-content\/uploads\/2023\/11\/Banner-E-mail-23.png\" alt=\"\" class=\"wp-image-8015\" srcset=\"https:\/\/www.atlanticacoffee.com\/wp-content\/uploads\/2023\/11\/Banner-E-mail-23.png 1080w, https:\/\/www.atlanticacoffee.com\/wp-content\/uploads\/2023\/11\/Banner-E-mail-23-980x273.png 980w, https:\/\/www.atlanticacoffee.com\/wp-content\/uploads\/2023\/11\/Banner-E-mail-23-480x134.png 480w\" sizes=\"(min-width: 0px) and (max-width: 480px) 480px, (min-width: 481px) and (max-width: 980px) 980px, (min-width: 981px) 1080px, 100vw\" \/><\/figure>\n\n<p>In 2024, some regions experienced early flowering, indicating that fruit ripening has already taken place in some plantations. However, expectations suggest a return to normal weather conditions this year, especially with the weakening of the El Ni\u00f1o phenomenon. <\/p>\n\n<p>During autumn, it is common for cold fronts to pass along the country\u2019s coastline, which can cause showers, especially in the northern regions of Esp\u00edrito Santo and southern Bahia. Partly cloudy weather is expected in the Zona da Mata, while drier climate is forecast for the Cerrado, Mogiana and Gar\u00e7a regions. In South Minas, the trend is for sunny weather throughout the season.  <\/p>\n\n<p>The beginning of autumn marks not only a change of season, but also the start of a crucial phase for Brazilian coffee farming. During this period, producers face a series of challenges, with climatic obstacles being one of the most significant due to their unpredictability. <\/p>\n\n<p>Adapting to climatic conditions is essential to ensure an efficient and high-quality harvest. Humidity is a key factor in this process, as it can directly influence the coffee\u2019s sensory profile. Regions with high humidity, often caused by frequent rainfall, tend to produce coffees with distinct characteristics, such as Rio quality, with phenolic nuances. On the other hand, a drier climate gives producers greater control over post-harvest practices, favoring the production of coffees with more refined sensory qualities.   <\/p>\n\n<figure class=\"wp-block-image size-large\"><img loading=\"lazy\" decoding=\"async\" width=\"1024\" height=\"285\" src=\"https:\/\/www.atlanticacoffee.com\/wp-content\/uploads\/2023\/11\/Banner-E-mail-26-1024x285.png\" alt=\"\" class=\"wp-image-8019\" srcset=\"https:\/\/www.atlanticacoffee.com\/wp-content\/uploads\/2023\/11\/Banner-E-mail-26-1024x285.png 1024w, https:\/\/www.atlanticacoffee.com\/wp-content\/uploads\/2023\/11\/Banner-E-mail-26-980x273.png 980w, https:\/\/www.atlanticacoffee.com\/wp-content\/uploads\/2023\/11\/Banner-E-mail-26-480x134.png 480w\" sizes=\"(min-width: 0px) and (max-width: 480px) 480px, (min-width: 481px) and (max-width: 980px) 980px, (min-width: 981px) 1024px, 100vw\" \/><\/figure>\n\n<p>In this context, it is essential for producers to be aware of climate information and local weather patterns in order to more easily deal with the challenges that arise during the harvest. Knowledge of the region\u2019s climate and the ability to adapt are valuable resources for ensuring success in coffee production, guaranteeing not only the quantity but also the quality of the harvested beans. <\/p>\n\n<p>Therefore, the beginning of fall not only marks a change of season, but also the start of a period of intense work and dedication in Brazilian plantations, where producers need to be prepared to face the challenges presented by the climate, always seeking to improve their practices and techniques to ensure excellence in coffee production.<\/p>\n\n<p><\/p>\n\n<p><\/p>\n\n<h2 class=\"wp-block-heading\">Read more:<\/h2>\n\n<p><\/p>\n\n<div class=\"wp-block-media-text alignwide is-stacked-on-mobile\"><figure class=\"wp-block-media-text__media\"><a href=\"https:\/\/www.atlanticacoffee.com\/projeto-mutua-resultados-do-primeiro-grupo-de-cafeicultores\/\"><img loading=\"lazy\" decoding=\"async\" width=\"1024\" height=\"285\" src=\"https:\/\/www.atlanticacoffee.com\/wp-content\/uploads\/2023\/08\/Banner-E-mail-2-1024x285.png\" alt=\"\" class=\"wp-image-7849 size-full\" srcset=\"https:\/\/www.atlanticacoffee.com\/wp-content\/uploads\/2023\/08\/Banner-E-mail-2-1024x285.png 1024w, https:\/\/www.atlanticacoffee.com\/wp-content\/uploads\/2023\/08\/Banner-E-mail-2-980x273.png 980w, https:\/\/www.atlanticacoffee.com\/wp-content\/uploads\/2023\/08\/Banner-E-mail-2-480x134.png 480w\" sizes=\"(min-width: 0px) and (max-width: 480px) 480px, (min-width: 481px) and (max-width: 980px) 980px, (min-width: 981px) 1024px, 100vw\" \/><\/a><\/figure><div class=\"wp-block-media-text__content\">\n<h2 class=\"wp-block-heading\"><a href=\"https:\/\/www.atlanticacoffee.com\/en\/mutua-project-results-from-the-first-group-of-coffee-growers\/\">Mutua Project: Results from the first group of coffee growers<\/a><\/h2>\n\n\n\n<p>Check out the results from the first group of coffee growers of the Project Mutua \u2013 Forests and Springs, an Atlantica Coffee initiative to boost sustainability and positive impact coffee growing. <a href=\"https:\/\/www.atlanticacoffee.com\/en\/mutua-project-results-from-the-first-group-of-coffee-growers\/\" target=\"_blank\" rel=\"noreferrer noopener\">Read More<\/a><\/p>\n<\/div><\/div>\n\n<div class=\"wp-block-media-text alignwide is-stacked-on-mobile\"><figure class=\"wp-block-media-text__media\"><a href=\"https:\/\/www.atlanticacoffee.com\/cafeicultura-e-clima-desafios-dos-produtores-brasileiros-nos-proximos-meses\/\"><img decoding=\"async\" src=\"https:\/\/www.atlanticacoffee.com\/wp-content\/uploads\/2025\/08\/Banner-E-mail-17-1024x285.webp\" alt=\"\" class=\"wp-image-7949 size-full\"\/><\/a><\/figure><div class=\"wp-block-media-text__content\">\n<h2 class=\"wp-block-heading\"><a href=\"https:\/\/www.atlanticacoffee.com\/ondas-de-calor-e-os-impactos-na-cafeicultura-brasileira\/\">Heat Waves and the Impacts on Brazilian Coffee Growing<\/a><\/h2>\n\n\n\n<p>Intense heat waves can have consequences for coffee crops, understand how: <a href=\"https:\/\/www.atlanticacoffee.com\/en\/heat-waves-and-the-impacts-on-brazilian-coffee-growing\/\" target=\"_blank\" rel=\"noreferrer noopener\">Read More<\/a><\/p>\n<\/div><\/div>\n\n<p><sub>*<\/sub><em><sub>This article aims only to provide information about the impacts of weather, based on internal and public sources, valid at the time of its dissemination. It does not aim to guide recipients in making any decisions, which are therefore solely the responsibility of the recipient. Atlantica Coffee is exempt from any liability arising from direct or indirect losses.  <\/sub><\/em><\/p>\n\n<p><\/p>\n\n<p><\/p>\n\n<p><\/p>\n\n<p><\/p>\n\n<p><\/p>\n\n<p><\/p>\n","protected":false},"excerpt":{"rendered":"<p>Next week, on March 20, Brazil will officially enter the fall season, a significant transition for the national coffee industry. During this season, the sun will be directly over the equator, resulting in a gradual decrease in solar radiation in the southern hemisphere. This seasonal change brings with it a reduction in temperatures, providing a [&hellip;]<\/p>\n","protected":false},"author":5,"featured_media":8877,"comment_status":"closed","ping_status":"open","sticky":false,"template":"","format":"standard","meta":{"_et_pb_use_builder":"","_et_pb_old_content":"","_et_gb_content_width":"","footnotes":""},"categories":[116,119],"tags":[124,130,125,131,126,127,133,128,134,135,136,132,129],"class_list":["post-9429","post","type-post","status-publish","format-standard","has-post-thumbnail","hentry","category-coffee-en","category-sustainability","tag-cafe-arabica-en","tag-cafe-e-sustentabilidade-en","tag-cafe-matas-de-minas-en","tag-cafe-sustentavel-en","tag-cafeicultura-brasileira-en","tag-cafeicultura-no-brasil-en","tag-cafeicultura-sustentavel-en","tag-matas-de-minas-en","tag-matas-e-nascentes-en","tag-mutua-matas-e-nascentes-en","tag-projeto-mutua-en","tag-sustentabilidade-en","tag-zona-da-mata-en"],"yoast_head":"<!-- This site is optimized with the Yoast SEO plugin v27.5 - https:\/\/yoast.com\/product\/yoast-seo-wordpress\/ -->\n<title>The Beginning of Autumn and its Challenges for Brazilian Coffee Growing - Atlantica Coffee<\/title>\n<meta name=\"robots\" content=\"index, follow, max-snippet:-1, max-image-preview:large, max-video-preview:-1\" \/>\n<link rel=\"canonical\" href=\"https:\/\/www.atlanticacoffee.com\/en\/the-beginning-of-autumn-and-its-challenges-for-brazilian-coffee-growing\/\" \/>\n<meta property=\"og:locale\" content=\"en_US\" \/>\n<meta property=\"og:type\" content=\"article\" \/>\n<meta property=\"og:title\" content=\"The Beginning of Autumn and its Challenges for Brazilian Coffee Growing - Atlantica Coffee\" \/>\n<meta property=\"og:description\" content=\"Next week, on March 20, Brazil will officially enter the fall season, a significant transition for the national coffee industry. During this season, the sun will be directly over the equator, resulting in a gradual decrease in solar radiation in the southern hemisphere. This seasonal change brings with it a reduction in temperatures, providing a [&hellip;]\" \/>\n<meta property=\"og:url\" content=\"https:\/\/www.atlanticacoffee.com\/en\/the-beginning-of-autumn-and-its-challenges-for-brazilian-coffee-growing\/\" \/>\n<meta property=\"og:site_name\" content=\"Atlantica Coffee\" \/>\n<meta property=\"article:published_time\" content=\"2024-03-14T17:36:02+00:00\" \/>\n<meta property=\"article:modified_time\" content=\"2025-07-02T22:26:09+00:00\" \/>\n<meta property=\"og:image\" content=\"https:\/\/www.atlanticacoffee.com\/wp-content\/uploads\/2024\/03\/Banner-E-mail-1.png\" \/>\n\t<meta property=\"og:image:width\" content=\"1080\" \/>\n\t<meta property=\"og:image:height\" content=\"301\" \/>\n\t<meta property=\"og:image:type\" content=\"image\/png\" \/>\n<meta name=\"author\" content=\"Atlantica Coffee\" \/>\n<meta name=\"twitter:card\" content=\"summary_large_image\" \/>\n<meta name=\"twitter:label1\" content=\"Written by\" \/>\n\t<meta name=\"twitter:data1\" content=\"Atlantica Coffee\" \/>\n\t<meta name=\"twitter:label2\" content=\"Est. reading time\" \/>\n\t<meta name=\"twitter:data2\" content=\"3 minutes\" \/>\n<script type=\"application\/ld+json\" class=\"yoast-schema-graph\">{\"@context\":\"https:\\\/\\\/schema.org\",\"@graph\":[{\"@type\":\"Article\",\"@id\":\"https:\\\/\\\/www.atlanticacoffee.com\\\/en\\\/the-beginning-of-autumn-and-its-challenges-for-brazilian-coffee-growing\\\/#article\",\"isPartOf\":{\"@id\":\"https:\\\/\\\/www.atlanticacoffee.com\\\/en\\\/the-beginning-of-autumn-and-its-challenges-for-brazilian-coffee-growing\\\/\"},\"author\":{\"name\":\"Atlantica Coffee\",\"@id\":\"https:\\\/\\\/www.atlanticacoffee.com\\\/en\\\/#\\\/schema\\\/person\\\/e5df01a66a282b2240e7ff2097162c32\"},\"headline\":\"The Beginning of Autumn and its Challenges for Brazilian Coffee Growing\",\"datePublished\":\"2024-03-14T17:36:02+00:00\",\"dateModified\":\"2025-07-02T22:26:09+00:00\",\"mainEntityOfPage\":{\"@id\":\"https:\\\/\\\/www.atlanticacoffee.com\\\/en\\\/the-beginning-of-autumn-and-its-challenges-for-brazilian-coffee-growing\\\/\"},\"wordCount\":602,\"image\":{\"@id\":\"https:\\\/\\\/www.atlanticacoffee.com\\\/en\\\/the-beginning-of-autumn-and-its-challenges-for-brazilian-coffee-growing\\\/#primaryimage\"},\"thumbnailUrl\":\"https:\\\/\\\/www.atlanticacoffee.com\\\/wp-content\\\/uploads\\\/2025\\\/08\\\/Banner-E-mail-2.png.webp\",\"keywords\":[\"caf\u00e9 ar\u00e1bica\",\"caf\u00e9 e sustentabilidade\",\"cafe matas de minas\",\"caf\u00e9 sustent\u00e1vel\",\"cafeicultura brasileira\",\"cafeicultura no brasil\",\"cafeicultura sustentavel\",\"matas de minas\",\"matas e nascentes\",\"mutua matas e nascentes\",\"projeto mutua\",\"sustentabilidade\",\"zona da mata\"],\"articleSection\":[\"Coffee\",\"Sustainability\"],\"inLanguage\":\"en-US\"},{\"@type\":\"WebPage\",\"@id\":\"https:\\\/\\\/www.atlanticacoffee.com\\\/en\\\/the-beginning-of-autumn-and-its-challenges-for-brazilian-coffee-growing\\\/\",\"url\":\"https:\\\/\\\/www.atlanticacoffee.com\\\/en\\\/the-beginning-of-autumn-and-its-challenges-for-brazilian-coffee-growing\\\/\",\"name\":\"The Beginning of Autumn and its Challenges for Brazilian Coffee Growing - Atlantica Coffee\",\"isPartOf\":{\"@id\":\"https:\\\/\\\/www.atlanticacoffee.com\\\/en\\\/#website\"},\"primaryImageOfPage\":{\"@id\":\"https:\\\/\\\/www.atlanticacoffee.com\\\/en\\\/the-beginning-of-autumn-and-its-challenges-for-brazilian-coffee-growing\\\/#primaryimage\"},\"image\":{\"@id\":\"https:\\\/\\\/www.atlanticacoffee.com\\\/en\\\/the-beginning-of-autumn-and-its-challenges-for-brazilian-coffee-growing\\\/#primaryimage\"},\"thumbnailUrl\":\"https:\\\/\\\/www.atlanticacoffee.com\\\/wp-content\\\/uploads\\\/2025\\\/08\\\/Banner-E-mail-2.png.webp\",\"datePublished\":\"2024-03-14T17:36:02+00:00\",\"dateModified\":\"2025-07-02T22:26:09+00:00\",\"author\":{\"@id\":\"https:\\\/\\\/www.atlanticacoffee.com\\\/en\\\/#\\\/schema\\\/person\\\/e5df01a66a282b2240e7ff2097162c32\"},\"breadcrumb\":{\"@id\":\"https:\\\/\\\/www.atlanticacoffee.com\\\/en\\\/the-beginning-of-autumn-and-its-challenges-for-brazilian-coffee-growing\\\/#breadcrumb\"},\"inLanguage\":\"en-US\",\"potentialAction\":[{\"@type\":\"ReadAction\",\"target\":[\"https:\\\/\\\/www.atlanticacoffee.com\\\/en\\\/the-beginning-of-autumn-and-its-challenges-for-brazilian-coffee-growing\\\/\"]}]},{\"@type\":\"ImageObject\",\"inLanguage\":\"en-US\",\"@id\":\"https:\\\/\\\/www.atlanticacoffee.com\\\/en\\\/the-beginning-of-autumn-and-its-challenges-for-brazilian-coffee-growing\\\/#primaryimage\",\"url\":\"https:\\\/\\\/www.atlanticacoffee.com\\\/wp-content\\\/uploads\\\/2025\\\/08\\\/Banner-E-mail-2.png.webp\",\"contentUrl\":\"https:\\\/\\\/www.atlanticacoffee.com\\\/wp-content\\\/uploads\\\/2025\\\/08\\\/Banner-E-mail-2.png.webp\",\"width\":1080,\"height\":301},{\"@type\":\"BreadcrumbList\",\"@id\":\"https:\\\/\\\/www.atlanticacoffee.com\\\/en\\\/the-beginning-of-autumn-and-its-challenges-for-brazilian-coffee-growing\\\/#breadcrumb\",\"itemListElement\":[{\"@type\":\"ListItem\",\"position\":1,\"name\":\"Home\",\"item\":\"https:\\\/\\\/www.atlanticacoffee.com\\\/en\\\/\"},{\"@type\":\"ListItem\",\"position\":2,\"name\":\"The Beginning of Autumn and its Challenges for Brazilian Coffee Growing\"}]},{\"@type\":\"WebSite\",\"@id\":\"https:\\\/\\\/www.atlanticacoffee.com\\\/en\\\/#website\",\"url\":\"https:\\\/\\\/www.atlanticacoffee.com\\\/en\\\/\",\"name\":\"Atlantica Coffee\",\"description\":\"\",\"potentialAction\":[{\"@type\":\"SearchAction\",\"target\":{\"@type\":\"EntryPoint\",\"urlTemplate\":\"https:\\\/\\\/www.atlanticacoffee.com\\\/en\\\/?s={search_term_string}\"},\"query-input\":{\"@type\":\"PropertyValueSpecification\",\"valueRequired\":true,\"valueName\":\"search_term_string\"}}],\"inLanguage\":\"en-US\"},{\"@type\":\"Person\",\"@id\":\"https:\\\/\\\/www.atlanticacoffee.com\\\/en\\\/#\\\/schema\\\/person\\\/e5df01a66a282b2240e7ff2097162c32\",\"name\":\"Atlantica Coffee\",\"image\":{\"@type\":\"ImageObject\",\"inLanguage\":\"en-US\",\"@id\":\"https:\\\/\\\/www.atlanticacoffee.com\\\/wp-content\\\/litespeed\\\/avatar\\\/4d281a83aba8d88d87861d7f51e33567.jpg?ver=1777391715\",\"url\":\"https:\\\/\\\/www.atlanticacoffee.com\\\/wp-content\\\/litespeed\\\/avatar\\\/4d281a83aba8d88d87861d7f51e33567.jpg?ver=1777391715\",\"contentUrl\":\"https:\\\/\\\/www.atlanticacoffee.com\\\/wp-content\\\/litespeed\\\/avatar\\\/4d281a83aba8d88d87861d7f51e33567.jpg?ver=1777391715\",\"caption\":\"Atlantica Coffee\"},\"url\":\"https:\\\/\\\/www.atlanticacoffee.com\\\/en\\\/author\\\/anaprado\\\/\"}]}<\/script>\n<!-- \/ Yoast SEO plugin. -->","yoast_head_json":{"title":"The Beginning of Autumn and its Challenges for Brazilian Coffee Growing - Atlantica Coffee","robots":{"index":"index","follow":"follow","max-snippet":"max-snippet:-1","max-image-preview":"max-image-preview:large","max-video-preview":"max-video-preview:-1"},"canonical":"https:\/\/www.atlanticacoffee.com\/en\/the-beginning-of-autumn-and-its-challenges-for-brazilian-coffee-growing\/","og_locale":"en_US","og_type":"article","og_title":"The Beginning of Autumn and its Challenges for Brazilian Coffee Growing - Atlantica Coffee","og_description":"Next week, on March 20, Brazil will officially enter the fall season, a significant transition for the national coffee industry. During this season, the sun will be directly over the equator, resulting in a gradual decrease in solar radiation in the southern hemisphere. This seasonal change brings with it a reduction in temperatures, providing a [&hellip;]","og_url":"https:\/\/www.atlanticacoffee.com\/en\/the-beginning-of-autumn-and-its-challenges-for-brazilian-coffee-growing\/","og_site_name":"Atlantica Coffee","article_published_time":"2024-03-14T17:36:02+00:00","article_modified_time":"2025-07-02T22:26:09+00:00","og_image":[{"width":1080,"height":301,"url":"https:\/\/www.atlanticacoffee.com\/wp-content\/uploads\/2024\/03\/Banner-E-mail-1.png","type":"image\/png"}],"author":"Atlantica Coffee","twitter_card":"summary_large_image","twitter_misc":{"Written by":"Atlantica Coffee","Est. reading time":"3 minutes"},"schema":{"@context":"https:\/\/schema.org","@graph":[{"@type":"Article","@id":"https:\/\/www.atlanticacoffee.com\/en\/the-beginning-of-autumn-and-its-challenges-for-brazilian-coffee-growing\/#article","isPartOf":{"@id":"https:\/\/www.atlanticacoffee.com\/en\/the-beginning-of-autumn-and-its-challenges-for-brazilian-coffee-growing\/"},"author":{"name":"Atlantica Coffee","@id":"https:\/\/www.atlanticacoffee.com\/en\/#\/schema\/person\/e5df01a66a282b2240e7ff2097162c32"},"headline":"The Beginning of Autumn and its Challenges for Brazilian Coffee Growing","datePublished":"2024-03-14T17:36:02+00:00","dateModified":"2025-07-02T22:26:09+00:00","mainEntityOfPage":{"@id":"https:\/\/www.atlanticacoffee.com\/en\/the-beginning-of-autumn-and-its-challenges-for-brazilian-coffee-growing\/"},"wordCount":602,"image":{"@id":"https:\/\/www.atlanticacoffee.com\/en\/the-beginning-of-autumn-and-its-challenges-for-brazilian-coffee-growing\/#primaryimage"},"thumbnailUrl":"https:\/\/www.atlanticacoffee.com\/wp-content\/uploads\/2025\/08\/Banner-E-mail-2.png.webp","keywords":["caf\u00e9 ar\u00e1bica","caf\u00e9 e sustentabilidade","cafe matas de minas","caf\u00e9 sustent\u00e1vel","cafeicultura brasileira","cafeicultura no brasil","cafeicultura sustentavel","matas de minas","matas e nascentes","mutua matas e nascentes","projeto mutua","sustentabilidade","zona da mata"],"articleSection":["Coffee","Sustainability"],"inLanguage":"en-US"},{"@type":"WebPage","@id":"https:\/\/www.atlanticacoffee.com\/en\/the-beginning-of-autumn-and-its-challenges-for-brazilian-coffee-growing\/","url":"https:\/\/www.atlanticacoffee.com\/en\/the-beginning-of-autumn-and-its-challenges-for-brazilian-coffee-growing\/","name":"The Beginning of Autumn and its Challenges for Brazilian Coffee Growing - Atlantica Coffee","isPartOf":{"@id":"https:\/\/www.atlanticacoffee.com\/en\/#website"},"primaryImageOfPage":{"@id":"https:\/\/www.atlanticacoffee.com\/en\/the-beginning-of-autumn-and-its-challenges-for-brazilian-coffee-growing\/#primaryimage"},"image":{"@id":"https:\/\/www.atlanticacoffee.com\/en\/the-beginning-of-autumn-and-its-challenges-for-brazilian-coffee-growing\/#primaryimage"},"thumbnailUrl":"https:\/\/www.atlanticacoffee.com\/wp-content\/uploads\/2025\/08\/Banner-E-mail-2.png.webp","datePublished":"2024-03-14T17:36:02+00:00","dateModified":"2025-07-02T22:26:09+00:00","author":{"@id":"https:\/\/www.atlanticacoffee.com\/en\/#\/schema\/person\/e5df01a66a282b2240e7ff2097162c32"},"breadcrumb":{"@id":"https:\/\/www.atlanticacoffee.com\/en\/the-beginning-of-autumn-and-its-challenges-for-brazilian-coffee-growing\/#breadcrumb"},"inLanguage":"en-US","potentialAction":[{"@type":"ReadAction","target":["https:\/\/www.atlanticacoffee.com\/en\/the-beginning-of-autumn-and-its-challenges-for-brazilian-coffee-growing\/"]}]},{"@type":"ImageObject","inLanguage":"en-US","@id":"https:\/\/www.atlanticacoffee.com\/en\/the-beginning-of-autumn-and-its-challenges-for-brazilian-coffee-growing\/#primaryimage","url":"https:\/\/www.atlanticacoffee.com\/wp-content\/uploads\/2025\/08\/Banner-E-mail-2.png.webp","contentUrl":"https:\/\/www.atlanticacoffee.com\/wp-content\/uploads\/2025\/08\/Banner-E-mail-2.png.webp","width":1080,"height":301},{"@type":"BreadcrumbList","@id":"https:\/\/www.atlanticacoffee.com\/en\/the-beginning-of-autumn-and-its-challenges-for-brazilian-coffee-growing\/#breadcrumb","itemListElement":[{"@type":"ListItem","position":1,"name":"Home","item":"https:\/\/www.atlanticacoffee.com\/en\/"},{"@type":"ListItem","position":2,"name":"The Beginning of Autumn and its Challenges for Brazilian Coffee Growing"}]},{"@type":"WebSite","@id":"https:\/\/www.atlanticacoffee.com\/en\/#website","url":"https:\/\/www.atlanticacoffee.com\/en\/","name":"Atlantica Coffee","description":"","potentialAction":[{"@type":"SearchAction","target":{"@type":"EntryPoint","urlTemplate":"https:\/\/www.atlanticacoffee.com\/en\/?s={search_term_string}"},"query-input":{"@type":"PropertyValueSpecification","valueRequired":true,"valueName":"search_term_string"}}],"inLanguage":"en-US"},{"@type":"Person","@id":"https:\/\/www.atlanticacoffee.com\/en\/#\/schema\/person\/e5df01a66a282b2240e7ff2097162c32","name":"Atlantica Coffee","image":{"@type":"ImageObject","inLanguage":"en-US","@id":"https:\/\/www.atlanticacoffee.com\/wp-content\/litespeed\/avatar\/4d281a83aba8d88d87861d7f51e33567.jpg?ver=1777391715","url":"https:\/\/www.atlanticacoffee.com\/wp-content\/litespeed\/avatar\/4d281a83aba8d88d87861d7f51e33567.jpg?ver=1777391715","contentUrl":"https:\/\/www.atlanticacoffee.com\/wp-content\/litespeed\/avatar\/4d281a83aba8d88d87861d7f51e33567.jpg?ver=1777391715","caption":"Atlantica Coffee"},"url":"https:\/\/www.atlanticacoffee.com\/en\/author\/anaprado\/"}]}},"_links":{"self":[{"href":"https:\/\/www.atlanticacoffee.com\/en\/wp-json\/wp\/v2\/posts\/9429","targetHints":{"allow":["GET"]}}],"collection":[{"href":"https:\/\/www.atlanticacoffee.com\/en\/wp-json\/wp\/v2\/posts"}],"about":[{"href":"https:\/\/www.atlanticacoffee.com\/en\/wp-json\/wp\/v2\/types\/post"}],"author":[{"embeddable":true,"href":"https:\/\/www.atlanticacoffee.com\/en\/wp-json\/wp\/v2\/users\/5"}],"replies":[{"embeddable":true,"href":"https:\/\/www.atlanticacoffee.com\/en\/wp-json\/wp\/v2\/comments?post=9429"}],"version-history":[{"count":1,"href":"https:\/\/www.atlanticacoffee.com\/en\/wp-json\/wp\/v2\/posts\/9429\/revisions"}],"predecessor-version":[{"id":9430,"href":"https:\/\/www.atlanticacoffee.com\/en\/wp-json\/wp\/v2\/posts\/9429\/revisions\/9430"}],"wp:featuredmedia":[{"embeddable":true,"href":"https:\/\/www.atlanticacoffee.com\/en\/wp-json\/wp\/v2\/media\/8877"}],"wp:attachment":[{"href":"https:\/\/www.atlanticacoffee.com\/en\/wp-json\/wp\/v2\/media?parent=9429"}],"wp:term":[{"taxonomy":"category","embeddable":true,"href":"https:\/\/www.atlanticacoffee.com\/en\/wp-json\/wp\/v2\/categories?post=9429"},{"taxonomy":"post_tag","embeddable":true,"href":"https:\/\/www.atlanticacoffee.com\/en\/wp-json\/wp\/v2\/tags?post=9429"}],"curies":[{"name":"wp","href":"https:\/\/api.w.org\/{rel}","templated":true}]}}