{"id":9433,"date":"2024-02-15T16:05:36","date_gmt":"2024-02-15T19:05:36","guid":{"rendered":"https:\/\/www.atlanticacoffee.com\/4-historical-facts-about-coffee-in-brazil\/"},"modified":"2025-07-02T19:38:47","modified_gmt":"2025-07-02T22:38:47","slug":"4-historical-facts-about-coffee-in-brazil","status":"publish","type":"post","link":"https:\/\/www.atlanticacoffee.com\/en\/4-historical-facts-about-coffee-in-brazil\/","title":{"rendered":"4 Historical facts about coffee in Brazil"},"content":{"rendered":"&#13;\n<p class=\"has-text-align-center has-small-font-size\"><\/p>&#13;\n&#13;\n<p><\/p>&#13;\n&#13;\n<p>Coffee is much more than just a drink; it is an integral part of Brazil\u2019s history, culture and identity. Here are four interesting facts that reveal the deep relationship between coffee and various aspects of Brazilian society. <\/p>&#13;\n&#13;\n<p><\/p>&#13;\n&#13;\n<h2 class=\"wp-block-heading\">1- Construction of the Official Coffee Exchange: the Center of the Coffee Trade<\/h2>&#13;\n&#13;\n<p>The Santos Official Coffee and Commodities Exchange, which today houses the renowned National Coffee Museum, played a crucial role in the Brazilian coffee trade. Authorized to operate in 1917 by the state government, it centralized commercial operations, business registration and even offered coffee grading services. The Stock Exchange Palace, inaugurated in 1922 as part of the celebrations for the centenary of Brazil\u2019s independence, symbolized modernity and the importance of coffee in the national identity, highlighting the role of S\u00e3o Paulo and Rio de Janeiro in this scenario.  <\/p>&#13;\n&#13;\n<figure class=\"wp-block-image aligncenter size-full is-resized\"><img loading=\"lazy\" decoding=\"async\" width=\"740\" height=\"485\" src=\"https:\/\/www.atlanticacoffee.com\/wp-content\/uploads\/2024\/02\/Fachada-Bolsa-de-Cafe-1.jpg\" alt=\"\" class=\"wp-image-8073\" style=\"width:664px;height:auto\" srcset=\"https:\/\/www.atlanticacoffee.com\/wp-content\/uploads\/2024\/02\/Fachada-Bolsa-de-Cafe-1.jpg 740w, https:\/\/www.atlanticacoffee.com\/wp-content\/uploads\/2024\/02\/Fachada-Bolsa-de-Cafe-1-480x315.jpg 480w\" sizes=\"(min-width: 0px) and (max-width: 480px) 480px, (min-width: 481px) 740px, 100vw\" \/><figcaption class=\"wp-element-caption\"><em><strong>Facade of the Official Coffee Exchange.<\/strong> Photo: museudocafe.org.br<\/em><\/figcaption><\/figure>&#13;\n&#13;\n<figure class=\"wp-block-image aligncenter size-full is-resized\"><img loading=\"lazy\" decoding=\"async\" width=\"740\" height=\"485\" src=\"https:\/\/www.atlanticacoffee.com\/wp-content\/uploads\/2024\/02\/Cotacoes-1.jpg\" alt=\"\" class=\"wp-image-8074\" style=\"width:658px;height:auto\" srcset=\"https:\/\/www.atlanticacoffee.com\/wp-content\/uploads\/2024\/02\/Cotacoes-1.jpg 740w, https:\/\/www.atlanticacoffee.com\/wp-content\/uploads\/2024\/02\/Cotacoes-1-480x315.jpg 480w\" sizes=\"(min-width: 0px) and (max-width: 480px) 480px, (min-width: 481px) 740px, 100vw\" \/><figcaption class=\"wp-element-caption\"><em><strong>Price Chart, 1957. <\/strong>Photo: museudocafe.org.<\/em>br<\/figcaption><\/figure>&#13;\n&#13;\n<h2 class=\"wp-block-heading\">2 \u2013 Port of Santos: Brazilian Coffee\u2019s Gateway to the World<\/h2>&#13;\n&#13;\n<p>The strategic choice of Santos as the headquarters of the Coffee Exchange was no accident. The city contains the Port of Santos, which has become Brazil\u2019s main coffee export point. Its privileged location, between the coffee plantations of the countryside and the urban centers, has made it the epicenter of the country\u2019s coffee exports. Since the 19th century, the Port of Santos has been vital to the success of the Brazilian coffee industry, consolidating the country as a world leader in coffee exports.   <\/p>&#13;\n&#13;\n<figure class=\"wp-block-image aligncenter size-full is-resized\"><img loading=\"lazy\" decoding=\"async\" width=\"885\" height=\"664\" src=\"https:\/\/www.atlanticacoffee.com\/wp-content\/uploads\/2024\/02\/Cafe-Porto-de-Santos.jpg\" alt=\"\" class=\"wp-image-8075\" style=\"width:640px;height:auto\" srcset=\"https:\/\/www.atlanticacoffee.com\/wp-content\/uploads\/2024\/02\/Cafe-Porto-de-Santos.jpg 885w, https:\/\/www.atlanticacoffee.com\/wp-content\/uploads\/2024\/02\/Cafe-Porto-de-Santos-480x360.jpg 480w\" sizes=\"(min-width: 0px) and (max-width: 480px) 480px, (min-width: 481px) 885px, 100vw\" \/><figcaption class=\"wp-element-caption\"><strong><em>Coffee arriving for shipment at the Port of Santos, 1928<\/em><\/strong>.<br\/><em>Photo: Perfect Daily Grind<\/em> <\/figcaption><\/figure>&#13;\n&#13;\n<h2 class=\"wp-block-heading\">3 \u2013 The role of coffee in the migratory movement<\/h2>&#13;\n&#13;\n<p>Coffee growing played a significant role in the migratory movement to Brazil, especially in the 19th century. The rise of the coffee plantations not only attracted a large number of immigrants in search of better living and working opportunities, but also triggered a profound transformation in several aspects of Brazilian society. This gathering of foreign workers contributed to significant changes in Brazil\u2019s economic, social, political and cultural history, leaving a legacy that lasts beyond the coffee sector.  <\/p>&#13;\n&#13;\n<figure class=\"wp-block-image aligncenter size-full is-resized\"><img loading=\"lazy\" decoding=\"async\" width=\"750\" height=\"730\" src=\"https:\/\/www.atlanticacoffee.com\/wp-content\/uploads\/2024\/02\/imigrantes_cafe_LOC.jpg\" alt=\"\" class=\"wp-image-8076\" style=\"width:637px;height:auto\" srcset=\"https:\/\/www.atlanticacoffee.com\/wp-content\/uploads\/2024\/02\/imigrantes_cafe_LOC.jpg 750w, https:\/\/www.atlanticacoffee.com\/wp-content\/uploads\/2024\/02\/imigrantes_cafe_LOC-480x467.jpg 480w\" sizes=\"(min-width: 0px) and (max-width: 480px) 480px, (min-width: 481px) 750px, 100vw\" \/><figcaption class=\"wp-element-caption\"><em><strong>Immigrants on a coffee plantation in Brazil around 1910.<\/strong> Photo: museucasadeportinari.org.br<\/em><\/figcaption><\/figure>&#13;\n&#13;\n<h2 class=\"wp-block-heading\">4 \u2013 Coffee and Brazilian Art<\/h2>&#13;\n&#13;\n<p>Coffee also left its mark on Brazilian art, inspiring renowned artists such as Tarsila do Amaral and Candido Portinari. Tarsila was descended from a family of coffee farmers and grew up in the midst of coffee production, while Portinari, the son of Italian immigrants, painted social and labor themes related to the coffee industry in some of his works, which reflect the complexities of Brazilian society in the context of the coffee economy of the time.  <\/p>&#13;\n&#13;\n<figure class=\"wp-block-image aligncenter size-full\"><img loading=\"lazy\" decoding=\"async\" width=\"1024\" height=\"533\" src=\"https:\/\/www.atlanticacoffee.com\/wp-content\/uploads\/2024\/02\/Cafe-1935-Portinati-1.jpg\" alt=\"\" class=\"wp-image-8082\" srcset=\"https:\/\/www.atlanticacoffee.com\/wp-content\/uploads\/2024\/02\/Cafe-1935-Portinati-1.jpg 1024w, https:\/\/www.atlanticacoffee.com\/wp-content\/uploads\/2024\/02\/Cafe-1935-Portinati-1-980x510.jpg 980w, https:\/\/www.atlanticacoffee.com\/wp-content\/uploads\/2024\/02\/Cafe-1935-Portinati-1-480x250.jpg 480w\" sizes=\"(min-width: 0px) and (max-width: 480px) 480px, (min-width: 481px) and (max-width: 980px) 980px, (min-width: 981px) 1024px, 100vw\" \/><figcaption class=\"wp-element-caption\">Work by Candido Portinari | Colheita do Caf\u00e9 (Mulheres colonas no Cafezal\/Obra Final),1956<\/figcaption><\/figure>&#13;\n&#13;\n<figure class=\"wp-block-image aligncenter size-full\"><img loading=\"lazy\" decoding=\"async\" width=\"1024\" height=\"533\" src=\"https:\/\/www.atlanticacoffee.com\/wp-content\/uploads\/2024\/02\/Colheita-de-Cafe-1.jpg\" alt=\"\" class=\"wp-image-8080\" srcset=\"https:\/\/www.atlanticacoffee.com\/wp-content\/uploads\/2024\/02\/Colheita-de-Cafe-1.jpg 1024w, https:\/\/www.atlanticacoffee.com\/wp-content\/uploads\/2024\/02\/Colheita-de-Cafe-1-980x510.jpg 980w, https:\/\/www.atlanticacoffee.com\/wp-content\/uploads\/2024\/02\/Colheita-de-Cafe-1-480x250.jpg 480w\" sizes=\"(min-width: 0px) and (max-width: 480px) 480px, (min-width: 481px) and (max-width: 980px) 980px, (min-width: 981px) 1024px, 100vw\" \/><figcaption class=\"wp-element-caption\">Work by Candido Portinari | Colheita do Caf\u00e9 (Mulheres colonas no Cafezal\/Obra Final),1956<\/figcaption><\/figure>&#13;\n&#13;\n<figure class=\"wp-block-image aligncenter size-full\"><img loading=\"lazy\" decoding=\"async\" width=\"1024\" height=\"533\" src=\"https:\/\/www.atlanticacoffee.com\/wp-content\/uploads\/2024\/02\/Colheita-Cafe-1958-1.jpg\" alt=\"\" class=\"wp-image-8081\" srcset=\"https:\/\/www.atlanticacoffee.com\/wp-content\/uploads\/2024\/02\/Colheita-Cafe-1958-1.jpg 1024w, https:\/\/www.atlanticacoffee.com\/wp-content\/uploads\/2024\/02\/Colheita-Cafe-1958-1-980x510.jpg 980w, https:\/\/www.atlanticacoffee.com\/wp-content\/uploads\/2024\/02\/Colheita-Cafe-1958-1-480x250.jpg 480w\" sizes=\"(min-width: 0px) and (max-width: 480px) 480px, (min-width: 481px) and (max-width: 980px) 980px, (min-width: 981px) 1024px, 100vw\" \/><figcaption class=\"wp-element-caption\">Work by Candido Portinari | Colheita Caf\u00e9, 1958, Obra Particular<\/figcaption><\/figure>&#13;\n&#13;\n<p>These facts illustrate how coffee is deeply intertwined with Brazil\u2019s history, economy and culture, leaving an everlasting mark that endures to this day.<\/p>&#13;\n&#13;\n<p><\/p>&#13;\n&#13;\n<p><em>Ref: <a href=\"https:\/\/perfectdailygrind.com\/pt\/\">Perfect Daily Grind<\/a>, <a href=\"https:\/\/www.museudocafe.org.br\/\">Museu do Caf\u00e9<\/a> and internal fonts.<\/em><\/p>&#13;\n&#13;\n<h2 class=\"wp-block-heading\">Read more:<\/h2>&#13;\n&#13;\n<p><\/p>&#13;\n\r\n<div class=\"wp-block-media-text alignwide is-stacked-on-mobile\"><figure class=\"wp-block-media-text__media\"><a href=\"https:\/\/www.atlanticacoffee.com\/projeto-mutua-resultados-do-primeiro-grupo-de-cafeicultores\/\"><img loading=\"lazy\" decoding=\"async\" width=\"1024\" height=\"285\" src=\"https:\/\/www.atlanticacoffee.com\/wp-content\/uploads\/2023\/08\/Banner-E-mail-2-1024x285.png\" alt=\"\" class=\"wp-image-7849 size-full\" srcset=\"https:\/\/www.atlanticacoffee.com\/wp-content\/uploads\/2023\/08\/Banner-E-mail-2-1024x285.png 1024w, https:\/\/www.atlanticacoffee.com\/wp-content\/uploads\/2023\/08\/Banner-E-mail-2-980x273.png 980w, https:\/\/www.atlanticacoffee.com\/wp-content\/uploads\/2023\/08\/Banner-E-mail-2-480x134.png 480w\" sizes=\"(min-width: 0px) and (max-width: 480px) 480px, (min-width: 481px) and (max-width: 980px) 980px, (min-width: 981px) 1024px, 100vw\" \/><\/a><\/figure><div class=\"wp-block-media-text__content\">&#13;\n<h2 class=\"wp-block-heading\"><a href=\"https:\/\/www.atlanticacoffee.com\/en\/mutua-project-results-from-the-first-group-of-coffee-growers\/\">Mutua Project: Results from the first group of coffee growers<\/a><\/h2>&#13;\n\r\n\r\n&#13;\n<p>Check out the results from the first group of coffee growers of the Project Mutua \u2013 Forests and Springs, an Atlantica Coffee initiative to boost sustainability and positive impact coffee growing. <a href=\"https:\/\/www.atlanticacoffee.com\/en\/mutua-project-results-from-the-first-group-of-coffee-growers\/\" target=\"_blank\" rel=\"noreferrer noopener\">Click here to read.<\/a><\/p>&#13;\n<\/div><\/div>\r\n\r\n<div class=\"wp-block-media-text alignwide is-stacked-on-mobile\"><figure class=\"wp-block-media-text__media\"><a href=\"https:\/\/www.atlanticacoffee.com\/cafeicultura-e-clima-desafios-dos-produtores-brasileiros-nos-proximos-meses\/\"><img decoding=\"async\" src=\"https:\/\/www.atlanticacoffee.com\/wp-content\/uploads\/2025\/08\/Banner-E-mail-17-1024x285.webp\" alt=\"\" class=\"wp-image-7949 size-full\"\/><\/a><\/figure><div class=\"wp-block-media-text__content\">&#13;\n<h2 class=\"wp-block-heading\"><a href=\"https:\/\/www.atlanticacoffee.com\/en\/heat-waves-and-the-impacts-on-brazilian-coffee-growing\/\">Heat Waves and the Impacts on Brazilian Coffee Growing<\/a><\/h2>&#13;\n\r\n\r\n&#13;\n<p>Intense heat waves can have consequences for coffee crops, understand how: <a href=\"https:\/\/www.atlanticacoffee.com\/en\/heat-waves-and-the-impacts-on-brazilian-coffee-growing\/\" target=\"_blank\" rel=\"noreferrer noopener\">Read More<\/a><\/p>&#13;\n<\/div><\/div>\r\n&#13;\n<p><sub>*<\/sub><em><sub>This article aims only to provide information about the impacts of weather, based on internal and public sources, valid at the time of its dissemination. It does not aim to guide recipients in making any decisions, which are therefore solely the responsibility of the recipient. Atlantica Coffee is exempt from any liability arising from direct or indirect losses.  <\/sub><\/em><\/p>&#13;\n&#13;\n<p><\/p>&#13;\n&#13;\n<p><\/p>&#13;\n&#13;\n<p><\/p>&#13;\n&#13;\n<p><\/p>&#13;\n&#13;\n<p><\/p>&#13;\n&#13;\n<p><\/p>&#13;\n","protected":false},"excerpt":{"rendered":"<p>&#13; &#13; &#13; &#13; &#13; Coffee is much more than just a drink; it is an integral part of Brazil\u2019s history, culture and identity. Here are four interesting facts that reveal the deep relationship between coffee and various aspects of Brazilian society. &#13; &#13; &#13; &#13; 1- Construction of the Official Coffee Exchange: the Center [&hellip;]<\/p>\n","protected":false},"author":5,"featured_media":8872,"comment_status":"closed","ping_status":"open","sticky":false,"template":"","format":"standard","meta":{"_et_pb_use_builder":"","_et_pb_old_content":"","_et_gb_content_width":"","footnotes":""},"categories":[116,119],"tags":[124,130,125,131,126,127,133,128,134,135,136,132,129],"class_list":["post-9433","post","type-post","status-publish","format-standard","has-post-thumbnail","hentry","category-coffee-en","category-sustainability","tag-cafe-arabica-en","tag-cafe-e-sustentabilidade-en","tag-cafe-matas-de-minas-en","tag-cafe-sustentavel-en","tag-cafeicultura-brasileira-en","tag-cafeicultura-no-brasil-en","tag-cafeicultura-sustentavel-en","tag-matas-de-minas-en","tag-matas-e-nascentes-en","tag-mutua-matas-e-nascentes-en","tag-projeto-mutua-en","tag-sustentabilidade-en","tag-zona-da-mata-en"],"yoast_head":"<!-- This site is optimized with the Yoast SEO plugin v27.4 - https:\/\/yoast.com\/product\/yoast-seo-wordpress\/ -->\n<title>4 Historical facts about coffee in Brazil - Atlantica Coffee<\/title>\n<meta name=\"robots\" content=\"index, follow, max-snippet:-1, max-image-preview:large, max-video-preview:-1\" \/>\n<link rel=\"canonical\" href=\"https:\/\/www.atlanticacoffee.com\/en\/4-historical-facts-about-coffee-in-brazil\/\" \/>\n<meta property=\"og:locale\" content=\"en_US\" \/>\n<meta property=\"og:type\" content=\"article\" \/>\n<meta property=\"og:title\" content=\"4 Historical facts about coffee in Brazil - Atlantica Coffee\" \/>\n<meta property=\"og:description\" content=\"&#013; &#013; &#013; &#013; &#013; Coffee is much more than just a drink; it is an integral part of Brazil\u2019s history, culture and identity. Here are four interesting facts that reveal the deep relationship between coffee and various aspects of Brazilian society. &#013; &#013; &#013; &#013; 1- Construction of the Official Coffee Exchange: the Center [&hellip;]\" \/>\n<meta property=\"og:url\" content=\"https:\/\/www.atlanticacoffee.com\/en\/4-historical-facts-about-coffee-in-brazil\/\" \/>\n<meta property=\"og:site_name\" content=\"Atlantica Coffee\" \/>\n<meta property=\"article:published_time\" content=\"2024-02-15T19:05:36+00:00\" \/>\n<meta property=\"article:modified_time\" content=\"2025-07-02T22:38:47+00:00\" \/>\n<meta property=\"og:image\" content=\"https:\/\/www.atlanticacoffee.com\/wp-content\/uploads\/2024\/02\/Banner-E-mail.png\" \/>\n\t<meta property=\"og:image:width\" content=\"1080\" \/>\n\t<meta property=\"og:image:height\" content=\"301\" \/>\n\t<meta property=\"og:image:type\" content=\"image\/png\" \/>\n<meta name=\"author\" content=\"Atlantica Coffee\" \/>\n<meta name=\"twitter:card\" content=\"summary_large_image\" \/>\n<meta name=\"twitter:label1\" content=\"Written by\" \/>\n\t<meta name=\"twitter:data1\" content=\"Atlantica Coffee\" \/>\n\t<meta name=\"twitter:label2\" content=\"Est. reading time\" \/>\n\t<meta name=\"twitter:data2\" content=\"3 minutes\" \/>\n<script type=\"application\/ld+json\" class=\"yoast-schema-graph\">{\"@context\":\"https:\\\/\\\/schema.org\",\"@graph\":[{\"@type\":\"Article\",\"@id\":\"https:\\\/\\\/www.atlanticacoffee.com\\\/en\\\/4-historical-facts-about-coffee-in-brazil\\\/#article\",\"isPartOf\":{\"@id\":\"https:\\\/\\\/www.atlanticacoffee.com\\\/en\\\/4-historical-facts-about-coffee-in-brazil\\\/\"},\"author\":{\"name\":\"Atlantica Coffee\",\"@id\":\"https:\\\/\\\/www.atlanticacoffee.com\\\/en\\\/#\\\/schema\\\/person\\\/e5df01a66a282b2240e7ff2097162c32\"},\"headline\":\"4 Historical facts about coffee in Brazil\",\"datePublished\":\"2024-02-15T19:05:36+00:00\",\"dateModified\":\"2025-07-02T22:38:47+00:00\",\"mainEntityOfPage\":{\"@id\":\"https:\\\/\\\/www.atlanticacoffee.com\\\/en\\\/4-historical-facts-about-coffee-in-brazil\\\/\"},\"wordCount\":640,\"image\":{\"@id\":\"https:\\\/\\\/www.atlanticacoffee.com\\\/en\\\/4-historical-facts-about-coffee-in-brazil\\\/#primaryimage\"},\"thumbnailUrl\":\"https:\\\/\\\/www.atlanticacoffee.com\\\/wp-content\\\/uploads\\\/2025\\\/08\\\/Banner-E-mail-1.png.webp\",\"keywords\":[\"caf\u00e9 ar\u00e1bica\",\"caf\u00e9 e sustentabilidade\",\"cafe matas de minas\",\"caf\u00e9 sustent\u00e1vel\",\"cafeicultura brasileira\",\"cafeicultura no brasil\",\"cafeicultura sustentavel\",\"matas de minas\",\"matas e nascentes\",\"mutua matas e nascentes\",\"projeto mutua\",\"sustentabilidade\",\"zona da mata\"],\"articleSection\":[\"Coffee\",\"Sustainability\"],\"inLanguage\":\"en-US\"},{\"@type\":\"WebPage\",\"@id\":\"https:\\\/\\\/www.atlanticacoffee.com\\\/en\\\/4-historical-facts-about-coffee-in-brazil\\\/\",\"url\":\"https:\\\/\\\/www.atlanticacoffee.com\\\/en\\\/4-historical-facts-about-coffee-in-brazil\\\/\",\"name\":\"4 Historical facts about coffee in Brazil - Atlantica Coffee\",\"isPartOf\":{\"@id\":\"https:\\\/\\\/www.atlanticacoffee.com\\\/en\\\/#website\"},\"primaryImageOfPage\":{\"@id\":\"https:\\\/\\\/www.atlanticacoffee.com\\\/en\\\/4-historical-facts-about-coffee-in-brazil\\\/#primaryimage\"},\"image\":{\"@id\":\"https:\\\/\\\/www.atlanticacoffee.com\\\/en\\\/4-historical-facts-about-coffee-in-brazil\\\/#primaryimage\"},\"thumbnailUrl\":\"https:\\\/\\\/www.atlanticacoffee.com\\\/wp-content\\\/uploads\\\/2025\\\/08\\\/Banner-E-mail-1.png.webp\",\"datePublished\":\"2024-02-15T19:05:36+00:00\",\"dateModified\":\"2025-07-02T22:38:47+00:00\",\"author\":{\"@id\":\"https:\\\/\\\/www.atlanticacoffee.com\\\/en\\\/#\\\/schema\\\/person\\\/e5df01a66a282b2240e7ff2097162c32\"},\"breadcrumb\":{\"@id\":\"https:\\\/\\\/www.atlanticacoffee.com\\\/en\\\/4-historical-facts-about-coffee-in-brazil\\\/#breadcrumb\"},\"inLanguage\":\"en-US\",\"potentialAction\":[{\"@type\":\"ReadAction\",\"target\":[\"https:\\\/\\\/www.atlanticacoffee.com\\\/en\\\/4-historical-facts-about-coffee-in-brazil\\\/\"]}]},{\"@type\":\"ImageObject\",\"inLanguage\":\"en-US\",\"@id\":\"https:\\\/\\\/www.atlanticacoffee.com\\\/en\\\/4-historical-facts-about-coffee-in-brazil\\\/#primaryimage\",\"url\":\"https:\\\/\\\/www.atlanticacoffee.com\\\/wp-content\\\/uploads\\\/2025\\\/08\\\/Banner-E-mail-1.png.webp\",\"contentUrl\":\"https:\\\/\\\/www.atlanticacoffee.com\\\/wp-content\\\/uploads\\\/2025\\\/08\\\/Banner-E-mail-1.png.webp\",\"width\":1080,\"height\":301},{\"@type\":\"BreadcrumbList\",\"@id\":\"https:\\\/\\\/www.atlanticacoffee.com\\\/en\\\/4-historical-facts-about-coffee-in-brazil\\\/#breadcrumb\",\"itemListElement\":[{\"@type\":\"ListItem\",\"position\":1,\"name\":\"Home\",\"item\":\"https:\\\/\\\/www.atlanticacoffee.com\\\/en\\\/\"},{\"@type\":\"ListItem\",\"position\":2,\"name\":\"4 Historical facts about coffee in Brazil\"}]},{\"@type\":\"WebSite\",\"@id\":\"https:\\\/\\\/www.atlanticacoffee.com\\\/en\\\/#website\",\"url\":\"https:\\\/\\\/www.atlanticacoffee.com\\\/en\\\/\",\"name\":\"Atlantica Coffee\",\"description\":\"\",\"potentialAction\":[{\"@type\":\"SearchAction\",\"target\":{\"@type\":\"EntryPoint\",\"urlTemplate\":\"https:\\\/\\\/www.atlanticacoffee.com\\\/en\\\/?s={search_term_string}\"},\"query-input\":{\"@type\":\"PropertyValueSpecification\",\"valueRequired\":true,\"valueName\":\"search_term_string\"}}],\"inLanguage\":\"en-US\"},{\"@type\":\"Person\",\"@id\":\"https:\\\/\\\/www.atlanticacoffee.com\\\/en\\\/#\\\/schema\\\/person\\\/e5df01a66a282b2240e7ff2097162c32\",\"name\":\"Atlantica Coffee\",\"image\":{\"@type\":\"ImageObject\",\"inLanguage\":\"en-US\",\"@id\":\"https:\\\/\\\/www.atlanticacoffee.com\\\/wp-content\\\/litespeed\\\/avatar\\\/4d281a83aba8d88d87861d7f51e33567.jpg?ver=1776786799\",\"url\":\"https:\\\/\\\/www.atlanticacoffee.com\\\/wp-content\\\/litespeed\\\/avatar\\\/4d281a83aba8d88d87861d7f51e33567.jpg?ver=1776786799\",\"contentUrl\":\"https:\\\/\\\/www.atlanticacoffee.com\\\/wp-content\\\/litespeed\\\/avatar\\\/4d281a83aba8d88d87861d7f51e33567.jpg?ver=1776786799\",\"caption\":\"Atlantica Coffee\"},\"url\":\"https:\\\/\\\/www.atlanticacoffee.com\\\/en\\\/author\\\/anaprado\\\/\"}]}<\/script>\n<!-- \/ Yoast SEO plugin. -->","yoast_head_json":{"title":"4 Historical facts about coffee in Brazil - Atlantica Coffee","robots":{"index":"index","follow":"follow","max-snippet":"max-snippet:-1","max-image-preview":"max-image-preview:large","max-video-preview":"max-video-preview:-1"},"canonical":"https:\/\/www.atlanticacoffee.com\/en\/4-historical-facts-about-coffee-in-brazil\/","og_locale":"en_US","og_type":"article","og_title":"4 Historical facts about coffee in Brazil - Atlantica Coffee","og_description":"&#13; &#13; &#13; &#13; &#13; Coffee is much more than just a drink; it is an integral part of Brazil\u2019s history, culture and identity. Here are four interesting facts that reveal the deep relationship between coffee and various aspects of Brazilian society. &#13; &#13; &#13; &#13; 1- Construction of the Official Coffee Exchange: the Center [&hellip;]","og_url":"https:\/\/www.atlanticacoffee.com\/en\/4-historical-facts-about-coffee-in-brazil\/","og_site_name":"Atlantica Coffee","article_published_time":"2024-02-15T19:05:36+00:00","article_modified_time":"2025-07-02T22:38:47+00:00","og_image":[{"width":1080,"height":301,"url":"https:\/\/www.atlanticacoffee.com\/wp-content\/uploads\/2024\/02\/Banner-E-mail.png","type":"image\/png"}],"author":"Atlantica Coffee","twitter_card":"summary_large_image","twitter_misc":{"Written by":"Atlantica Coffee","Est. reading time":"3 minutes"},"schema":{"@context":"https:\/\/schema.org","@graph":[{"@type":"Article","@id":"https:\/\/www.atlanticacoffee.com\/en\/4-historical-facts-about-coffee-in-brazil\/#article","isPartOf":{"@id":"https:\/\/www.atlanticacoffee.com\/en\/4-historical-facts-about-coffee-in-brazil\/"},"author":{"name":"Atlantica Coffee","@id":"https:\/\/www.atlanticacoffee.com\/en\/#\/schema\/person\/e5df01a66a282b2240e7ff2097162c32"},"headline":"4 Historical facts about coffee in Brazil","datePublished":"2024-02-15T19:05:36+00:00","dateModified":"2025-07-02T22:38:47+00:00","mainEntityOfPage":{"@id":"https:\/\/www.atlanticacoffee.com\/en\/4-historical-facts-about-coffee-in-brazil\/"},"wordCount":640,"image":{"@id":"https:\/\/www.atlanticacoffee.com\/en\/4-historical-facts-about-coffee-in-brazil\/#primaryimage"},"thumbnailUrl":"https:\/\/www.atlanticacoffee.com\/wp-content\/uploads\/2025\/08\/Banner-E-mail-1.png.webp","keywords":["caf\u00e9 ar\u00e1bica","caf\u00e9 e sustentabilidade","cafe matas de minas","caf\u00e9 sustent\u00e1vel","cafeicultura brasileira","cafeicultura no brasil","cafeicultura sustentavel","matas de minas","matas e nascentes","mutua matas e nascentes","projeto mutua","sustentabilidade","zona da mata"],"articleSection":["Coffee","Sustainability"],"inLanguage":"en-US"},{"@type":"WebPage","@id":"https:\/\/www.atlanticacoffee.com\/en\/4-historical-facts-about-coffee-in-brazil\/","url":"https:\/\/www.atlanticacoffee.com\/en\/4-historical-facts-about-coffee-in-brazil\/","name":"4 Historical facts about coffee in Brazil - Atlantica Coffee","isPartOf":{"@id":"https:\/\/www.atlanticacoffee.com\/en\/#website"},"primaryImageOfPage":{"@id":"https:\/\/www.atlanticacoffee.com\/en\/4-historical-facts-about-coffee-in-brazil\/#primaryimage"},"image":{"@id":"https:\/\/www.atlanticacoffee.com\/en\/4-historical-facts-about-coffee-in-brazil\/#primaryimage"},"thumbnailUrl":"https:\/\/www.atlanticacoffee.com\/wp-content\/uploads\/2025\/08\/Banner-E-mail-1.png.webp","datePublished":"2024-02-15T19:05:36+00:00","dateModified":"2025-07-02T22:38:47+00:00","author":{"@id":"https:\/\/www.atlanticacoffee.com\/en\/#\/schema\/person\/e5df01a66a282b2240e7ff2097162c32"},"breadcrumb":{"@id":"https:\/\/www.atlanticacoffee.com\/en\/4-historical-facts-about-coffee-in-brazil\/#breadcrumb"},"inLanguage":"en-US","potentialAction":[{"@type":"ReadAction","target":["https:\/\/www.atlanticacoffee.com\/en\/4-historical-facts-about-coffee-in-brazil\/"]}]},{"@type":"ImageObject","inLanguage":"en-US","@id":"https:\/\/www.atlanticacoffee.com\/en\/4-historical-facts-about-coffee-in-brazil\/#primaryimage","url":"https:\/\/www.atlanticacoffee.com\/wp-content\/uploads\/2025\/08\/Banner-E-mail-1.png.webp","contentUrl":"https:\/\/www.atlanticacoffee.com\/wp-content\/uploads\/2025\/08\/Banner-E-mail-1.png.webp","width":1080,"height":301},{"@type":"BreadcrumbList","@id":"https:\/\/www.atlanticacoffee.com\/en\/4-historical-facts-about-coffee-in-brazil\/#breadcrumb","itemListElement":[{"@type":"ListItem","position":1,"name":"Home","item":"https:\/\/www.atlanticacoffee.com\/en\/"},{"@type":"ListItem","position":2,"name":"4 Historical facts about coffee in Brazil"}]},{"@type":"WebSite","@id":"https:\/\/www.atlanticacoffee.com\/en\/#website","url":"https:\/\/www.atlanticacoffee.com\/en\/","name":"Atlantica Coffee","description":"","potentialAction":[{"@type":"SearchAction","target":{"@type":"EntryPoint","urlTemplate":"https:\/\/www.atlanticacoffee.com\/en\/?s={search_term_string}"},"query-input":{"@type":"PropertyValueSpecification","valueRequired":true,"valueName":"search_term_string"}}],"inLanguage":"en-US"},{"@type":"Person","@id":"https:\/\/www.atlanticacoffee.com\/en\/#\/schema\/person\/e5df01a66a282b2240e7ff2097162c32","name":"Atlantica Coffee","image":{"@type":"ImageObject","inLanguage":"en-US","@id":"https:\/\/www.atlanticacoffee.com\/wp-content\/litespeed\/avatar\/4d281a83aba8d88d87861d7f51e33567.jpg?ver=1776786799","url":"https:\/\/www.atlanticacoffee.com\/wp-content\/litespeed\/avatar\/4d281a83aba8d88d87861d7f51e33567.jpg?ver=1776786799","contentUrl":"https:\/\/www.atlanticacoffee.com\/wp-content\/litespeed\/avatar\/4d281a83aba8d88d87861d7f51e33567.jpg?ver=1776786799","caption":"Atlantica Coffee"},"url":"https:\/\/www.atlanticacoffee.com\/en\/author\/anaprado\/"}]}},"_links":{"self":[{"href":"https:\/\/www.atlanticacoffee.com\/en\/wp-json\/wp\/v2\/posts\/9433","targetHints":{"allow":["GET"]}}],"collection":[{"href":"https:\/\/www.atlanticacoffee.com\/en\/wp-json\/wp\/v2\/posts"}],"about":[{"href":"https:\/\/www.atlanticacoffee.com\/en\/wp-json\/wp\/v2\/types\/post"}],"author":[{"embeddable":true,"href":"https:\/\/www.atlanticacoffee.com\/en\/wp-json\/wp\/v2\/users\/5"}],"replies":[{"embeddable":true,"href":"https:\/\/www.atlanticacoffee.com\/en\/wp-json\/wp\/v2\/comments?post=9433"}],"version-history":[{"count":1,"href":"https:\/\/www.atlanticacoffee.com\/en\/wp-json\/wp\/v2\/posts\/9433\/revisions"}],"predecessor-version":[{"id":9434,"href":"https:\/\/www.atlanticacoffee.com\/en\/wp-json\/wp\/v2\/posts\/9433\/revisions\/9434"}],"wp:featuredmedia":[{"embeddable":true,"href":"https:\/\/www.atlanticacoffee.com\/en\/wp-json\/wp\/v2\/media\/8872"}],"wp:attachment":[{"href":"https:\/\/www.atlanticacoffee.com\/en\/wp-json\/wp\/v2\/media?parent=9433"}],"wp:term":[{"taxonomy":"category","embeddable":true,"href":"https:\/\/www.atlanticacoffee.com\/en\/wp-json\/wp\/v2\/categories?post=9433"},{"taxonomy":"post_tag","embeddable":true,"href":"https:\/\/www.atlanticacoffee.com\/en\/wp-json\/wp\/v2\/tags?post=9433"}],"curies":[{"name":"wp","href":"https:\/\/api.w.org\/{rel}","templated":true}]}}